{"id":605,"date":"2018-02-01T18:06:12","date_gmt":"2018-02-01T18:06:12","guid":{"rendered":"http:\/\/blog.casaraoimoveis.com.br\/?p=605"},"modified":"2023-03-22T12:53:34","modified_gmt":"2023-03-22T15:53:34","slug":"medo-de-alugar-hoje-em-dia","status":"publish","type":"post","link":"https:\/\/casaraoimoveis.com.br\/blog\/medo-de-alugar-hoje-em-dia\/","title":{"rendered":"Preocupa\u00e7\u00f5es e medos de alugar hoje em dia"},"content":{"rendered":"<p><span style=\"font-weight: 400;\">Para qualquer pessoa, um im\u00f3vel pode representar duas coisas. Um lar, uma moradia, o lugar onde dorme e passa boa parte de seus dias. Ou ent\u00e3o um bem, um ativo, um <\/span><a href=\"https:\/\/casaraoimoveis.com.br\/blog\/imovel-e-uma-oportunidade\"><span style=\"font-weight: 400;\">investimento<\/span><\/a><span style=\"font-weight: 400;\">, caso esteja em seu nome mas n\u00e3o seja sua resid\u00eancia atual. Em qualquer um dos casos, ningu\u00e9m negligencia os <\/span><b>cuidados com o im\u00f3vel<\/b><span style=\"font-weight: 400;\">.<\/span><\/p>\n<p><span style=\"font-weight: 400;\">Afinal, na primeira hip\u00f3tese, estamos falando de onde a pessoa vive. Se esse espa\u00e7o n\u00e3o est\u00e1 do jeito que ela deseja, a qualidade de vida \u00e9 prejudicada. Na outra situa\u00e7\u00e3o, tratar o im\u00f3vel com desleixo \u00e9 deixar que ele desvalorize. Por essas e outras, n\u00e3o s\u00e3o poucos os <\/span><b>medos e preocupa\u00e7\u00f5es<\/b><span style=\"font-weight: 400;\"> de quem quer alugar hoje em dia. Seja <\/span><b>inquilino ou propriet\u00e1rio<\/b><span style=\"font-weight: 400;\">.<\/span><\/p>\n<h3><span style=\"font-weight: 400;\">Medo de alugar, mas, do propriet\u00e1rio<\/span><\/h3>\n<p><span style=\"font-weight: 400;\">S\u00e3o dois os principais medos do propriet\u00e1rio que est\u00e1 considerando se aluga ou n\u00e3o o seu im\u00f3vel. O primeiro \u00e9 que ele retorne danificado, que o inquilino n\u00e3o tome o mesmo cuidado que o dono na sua preserva\u00e7\u00e3o. O segundo \u00e9 a <\/span><b>inadimpl\u00eancia<\/b><span style=\"font-weight: 400;\">. Ou seja, que o locat\u00e1rio n\u00e3o pague o que foi acordado.<\/span><\/p>\n<p><span style=\"font-weight: 400;\">\u00c9 por esses dois motivos que a rela\u00e7\u00e3o entre propriet\u00e1rio e inquilino deve ser formalizada em um <\/span><b>contrato de aluguel<\/b><span style=\"font-weight: 400;\">, que estabelece valores, prazos, multas e outras regras. E tamb\u00e9m por isso que \u00e9 definida uma garantia e que \u00e9 feito o termo de vistoria. Sempre respeitando a <\/span><a href=\"https:\/\/casaraoimoveis.com.br\/blog\/L8245.htm\"><span style=\"font-weight: 400;\">Lei do Inquilinato<\/span><\/a><span style=\"font-weight: 400;\">.<\/span><\/p>\n<p><span style=\"font-weight: 400;\">Eis, a\u00ed, mais um motivo de desgosto para o propriet\u00e1rio: ter de lidar com toda essa burocracia. O rem\u00e9dio para todas essas preocupa\u00e7\u00f5es \u00e9 contar com a media\u00e7\u00e3o de uma <\/span><a href=\"https:\/\/casaraoimoveis.com.br\/blog\/como-funciona-pra-alugar-na-casarao\"><b>boa imobili\u00e1ria<\/b><\/a><span style=\"font-weight: 400;\">. Ela vai tratar da \u201cparte chata\u201d, das garantias e, claro, tem o compromisso com a sele\u00e7\u00e3o de inquilinos confi\u00e1veis.<\/span><\/p>\n<h3><span style=\"font-weight: 400;\">Preocupa\u00e7\u00f5es do inquilino<\/span><\/h3>\n<p><span style=\"font-weight: 400;\">Se o propriet\u00e1rio n\u00e3o quer receber de volta um im\u00f3vel danificado, o inquilino exige um <\/span><b>local em boas condi\u00e7\u00f5es<\/b><span style=\"font-weight: 400;\"> para ser seu novo lar. <\/span><a href=\"https:\/\/casaraoimoveis.com.br\/blog\/dicas-de-aluguel-casa-ou-apartamento-2\"><span style=\"font-weight: 400;\">Casas e apartamentos<\/span><\/a><span style=\"font-weight: 400;\"> que n\u00e3o necessitam de nenhuma reforma costumam ser alugados muito mais <\/span><a href=\"https:\/\/casaraoimoveis.com.br\/blog\/conheca-as-mais-modernas-formas-de-promover-um-imovel\"><span style=\"font-weight: 400;\">rapidamente<\/span><\/a><span style=\"font-weight: 400;\">. Afinal, esse \u00e9 um \u201cgasto morto\u201d, um investimento que n\u00e3o ser\u00e1 recuperado quando o inquilino deixar o im\u00f3vel.<\/span><\/p>\n<p><span style=\"font-weight: 400;\">Outra preocupa\u00e7\u00e3o do locat\u00e1rio \u00e9 cumprir uma das formas de <\/span><b>garantia<\/b><span style=\"font-weight: 400;\"> exigidas para que o contrato seja firmado. Encontrar uma pessoa que aceite e re\u00fana as condi\u00e7\u00f5es necess\u00e1rias para o papel de fiador \u00e9 dif\u00edcil para muitos. Assim, acabam sobrando alternativas que tornar\u00e3o o custo final de alugar um im\u00f3vel mais caro.<\/span><\/p>\n<h3><span style=\"font-weight: 400;\">Aluguel sem fiador \u00e9 a solu\u00e7\u00e3o<\/span><\/h3>\n<p><span style=\"font-weight: 400;\">A Casar\u00e3o Im\u00f3veis disponibiliza, em alguns de seus im\u00f3veis residenciais, a op\u00e7\u00e3o de <\/span><b>aluguel sem fiador<\/b><span style=\"font-weight: 400;\">. Ela resolve o problema que acabamos de falar, do poss\u00edvel locat\u00e1rio que n\u00e3o tem fiador e nem <\/span><a href=\"https:\/\/casaraoimoveis.com.br\/blog\/como-guardar-dinheiro-8-dicas\"><span style=\"font-weight: 400;\">condi\u00e7\u00f5es para pagar<\/span><\/a><span style=\"font-weight: 400;\"> o custo extra que um <\/span><a href=\"https:\/\/casaraoimoveis.com.br\/blog\/entenda-como-funciona-o-seguro-fianca\"><span style=\"font-weight: 400;\">seguro fian\u00e7a<\/span><\/a><span style=\"font-weight: 400;\"> envolve.<\/span><\/p>\n<p><span style=\"font-weight: 400;\">Mas o aluguel sem fiador tamb\u00e9m \u00e9 a solu\u00e7\u00e3o para o medo do propriet\u00e1rio com a inadimpl\u00eancia. Isso porque o contrato ser\u00e1 <\/span><b>segurado pela Porto Seguros<\/b><span style=\"font-weight: 400;\">, o que representa uma prote\u00e7\u00e3o muito maior do que a figura do fiador \u2013 que significa apenas que h\u00e1 a quem cobrar.<\/span><\/p>\n<p>Veja um depoimento de quem j\u00e1 alugou:<\/p>\n<p><iframe loading=\"lazy\" src=\"https:\/\/casaraoimoveis.com.br\/blog\/wp-content\/uploads\/2018\/02\/OdiS5XNdvQY\" width=\"560\" height=\"315\" frameborder=\"0\" allowfullscreen=\"allowfullscreen\"><\/iframe><\/p>\n<p><span style=\"font-weight: 400;\">Para saber como funciona o aluguel sem fiador, <\/span><a href=\"https:\/\/casaraoimoveis.com.br\/blog\/aluguel-sem-fiador-beneficios-ao-proprietario\"><span style=\"font-weight: 400;\">leia esse artigo<\/span><\/a><span style=\"font-weight: 400;\">. Se voc\u00ea ainda tem d\u00favidas sobre o assunto, <\/span><a href=\"http:\/\/www.casaraoimoveis.com.br\/fale-conosco\/\"><b>entre em contato<\/b><\/a><span style=\"font-weight: 400;\"> conosco.<\/span><\/p>\n","protected":false},"excerpt":{"rendered":"<p>Para qualquer pessoa, um im\u00f3vel pode representar duas coisas. Um lar, uma moradia, o lugar onde dorme e passa boa parte de seus dias. Ou ent\u00e3o um bem, um ativo, um investimento, caso esteja em seu nome mas n\u00e3o seja sua resid\u00eancia atual. Em qualquer um dos casos, ningu\u00e9m negligencia os cuidados com o im\u00f3vel. [&hellip;]<\/p>\n","protected":false},"author":6,"featured_media":617,"comment_status":"open","ping_status":"open","sticky":false,"template":"","format":"standard","meta":{"footnotes":""},"categories":[88,153,154,139],"tags":[],"class_list":{"0":"post-605","1":"post","2":"type-post","3":"status-publish","4":"format-standard","5":"has-post-thumbnail","7":"category-aluguel","8":"category-aluguel-inquilino","9":"category-aluguel-proprietario","10":"category-dicas-aluguel","11":"czr-hentry"},"yoast_head":"<!-- This site is optimized with the Yoast SEO plugin v27.4 - https:\/\/yoast.com\/product\/yoast-seo-wordpress\/ -->\n<title>Preocupa\u00e7\u00f5es e medos de alugar hoje em dia - Blog da Casar\u00e3o<\/title>\n<meta name=\"description\" content=\"N\u00e3o s\u00e3o poucas as preocupa\u00e7\u00f5es e o medo de alugar hoje em dia. Seja inquilino ou propriet\u00e1rio. Nesse post, veja como se precaver.\" \/>\n<meta name=\"robots\" content=\"index, follow, max-snippet:-1, max-image-preview:large, max-video-preview:-1\" \/>\n<link rel=\"canonical\" href=\"https:\/\/casaraoimoveis.com.br\/blog\/medo-de-alugar-hoje-em-dia\/\" \/>\n<meta property=\"og:locale\" content=\"pt_BR\" \/>\n<meta property=\"og:type\" content=\"article\" \/>\n<meta property=\"og:title\" content=\"Preocupa\u00e7\u00f5es e medos de alugar hoje em dia - Blog da Casar\u00e3o\" \/>\n<meta property=\"og:description\" content=\"N\u00e3o s\u00e3o poucas as preocupa\u00e7\u00f5es e o medo de alugar hoje em dia. Seja inquilino ou propriet\u00e1rio. Nesse post, veja como se precaver.\" \/>\n<meta property=\"og:url\" content=\"https:\/\/casaraoimoveis.com.br\/blog\/medo-de-alugar-hoje-em-dia\/\" \/>\n<meta property=\"og:site_name\" content=\"Blog da Casar\u00e3o\" \/>\n<meta property=\"article:publisher\" content=\"https:\/\/www.facebook.com\/CasaraoImoveis\/\" \/>\n<meta property=\"article:published_time\" content=\"2018-02-01T18:06:12+00:00\" \/>\n<meta property=\"article:modified_time\" content=\"2023-03-22T15:53:34+00:00\" \/>\n<meta property=\"og:image\" content=\"https:\/\/casaraoimoveis.com.br\/blog\/wp-content\/uploads\/2018\/02\/canstockphoto1778555-e1520962490985.jpg\" \/>\n\t<meta property=\"og:image:width\" content=\"579\" \/>\n\t<meta property=\"og:image:height\" content=\"388\" \/>\n\t<meta property=\"og:image:type\" content=\"image\/jpeg\" \/>\n<meta name=\"author\" content=\"Marketing Casar\u00e3o\" \/>\n<meta name=\"twitter:card\" content=\"summary_large_image\" \/>\n<meta name=\"twitter:creator\" content=\"@casaraoimoveis\" \/>\n<meta name=\"twitter:site\" content=\"@casaraoimoveis\" \/>\n<meta name=\"twitter:label1\" content=\"Escrito por\" \/>\n\t<meta name=\"twitter:data1\" content=\"Marketing Casar\u00e3o\" \/>\n\t<meta name=\"twitter:label2\" content=\"Est. tempo de leitura\" \/>\n\t<meta name=\"twitter:data2\" content=\"3 minutos\" \/>\n<script type=\"application\/ld+json\" class=\"yoast-schema-graph\">{\"@context\":\"https:\\\/\\\/schema.org\",\"@graph\":[{\"@type\":\"Article\",\"@id\":\"https:\\\/\\\/casaraoimoveis.com.br\\\/blog\\\/medo-de-alugar-hoje-em-dia\\\/#article\",\"isPartOf\":{\"@id\":\"https:\\\/\\\/casaraoimoveis.com.br\\\/blog\\\/medo-de-alugar-hoje-em-dia\\\/\"},\"author\":{\"name\":\"Marketing Casar\u00e3o\",\"@id\":\"https:\\\/\\\/casaraoimoveis.com.br\\\/blog\\\/#\\\/schema\\\/person\\\/2534db74779d8a964faa9a0c48034be9\"},\"headline\":\"Preocupa\u00e7\u00f5es e medos de alugar hoje em dia\",\"datePublished\":\"2018-02-01T18:06:12+00:00\",\"dateModified\":\"2023-03-22T15:53:34+00:00\",\"mainEntityOfPage\":{\"@id\":\"https:\\\/\\\/casaraoimoveis.com.br\\\/blog\\\/medo-de-alugar-hoje-em-dia\\\/\"},\"wordCount\":581,\"commentCount\":1,\"publisher\":{\"@id\":\"https:\\\/\\\/casaraoimoveis.com.br\\\/blog\\\/#organization\"},\"image\":{\"@id\":\"https:\\\/\\\/casaraoimoveis.com.br\\\/blog\\\/medo-de-alugar-hoje-em-dia\\\/#primaryimage\"},\"thumbnailUrl\":\"https:\\\/\\\/casaraoimoveis.com.br\\\/blog\\\/wp-content\\\/uploads\\\/2018\\\/02\\\/canstockphoto1778555-e1520962490985.jpg\",\"articleSection\":[\"Aluguel\",\"Aluguel Inquilino\",\"Aluguel Propriet\u00e1rio\",\"Dicas aluguel\"],\"inLanguage\":\"pt-BR\",\"potentialAction\":[{\"@type\":\"CommentAction\",\"name\":\"Comment\",\"target\":[\"https:\\\/\\\/casaraoimoveis.com.br\\\/blog\\\/medo-de-alugar-hoje-em-dia\\\/#respond\"]}]},{\"@type\":\"WebPage\",\"@id\":\"https:\\\/\\\/casaraoimoveis.com.br\\\/blog\\\/medo-de-alugar-hoje-em-dia\\\/\",\"url\":\"https:\\\/\\\/casaraoimoveis.com.br\\\/blog\\\/medo-de-alugar-hoje-em-dia\\\/\",\"name\":\"Preocupa\u00e7\u00f5es e medos de alugar hoje em dia - Blog da Casar\u00e3o\",\"isPartOf\":{\"@id\":\"https:\\\/\\\/casaraoimoveis.com.br\\\/blog\\\/#website\"},\"primaryImageOfPage\":{\"@id\":\"https:\\\/\\\/casaraoimoveis.com.br\\\/blog\\\/medo-de-alugar-hoje-em-dia\\\/#primaryimage\"},\"image\":{\"@id\":\"https:\\\/\\\/casaraoimoveis.com.br\\\/blog\\\/medo-de-alugar-hoje-em-dia\\\/#primaryimage\"},\"thumbnailUrl\":\"https:\\\/\\\/casaraoimoveis.com.br\\\/blog\\\/wp-content\\\/uploads\\\/2018\\\/02\\\/canstockphoto1778555-e1520962490985.jpg\",\"datePublished\":\"2018-02-01T18:06:12+00:00\",\"dateModified\":\"2023-03-22T15:53:34+00:00\",\"description\":\"N\u00e3o s\u00e3o poucas as preocupa\u00e7\u00f5es e o medo de alugar hoje em dia. Seja inquilino ou propriet\u00e1rio. Nesse post, veja como se precaver.\",\"breadcrumb\":{\"@id\":\"https:\\\/\\\/casaraoimoveis.com.br\\\/blog\\\/medo-de-alugar-hoje-em-dia\\\/#breadcrumb\"},\"inLanguage\":\"pt-BR\",\"potentialAction\":[{\"@type\":\"ReadAction\",\"target\":[\"https:\\\/\\\/casaraoimoveis.com.br\\\/blog\\\/medo-de-alugar-hoje-em-dia\\\/\"]}]},{\"@type\":\"ImageObject\",\"inLanguage\":\"pt-BR\",\"@id\":\"https:\\\/\\\/casaraoimoveis.com.br\\\/blog\\\/medo-de-alugar-hoje-em-dia\\\/#primaryimage\",\"url\":\"https:\\\/\\\/casaraoimoveis.com.br\\\/blog\\\/wp-content\\\/uploads\\\/2018\\\/02\\\/canstockphoto1778555-e1520962490985.jpg\",\"contentUrl\":\"https:\\\/\\\/casaraoimoveis.com.br\\\/blog\\\/wp-content\\\/uploads\\\/2018\\\/02\\\/canstockphoto1778555-e1520962490985.jpg\",\"width\":579,\"height\":388,\"caption\":\"medo de alugar\"},{\"@type\":\"BreadcrumbList\",\"@id\":\"https:\\\/\\\/casaraoimoveis.com.br\\\/blog\\\/medo-de-alugar-hoje-em-dia\\\/#breadcrumb\",\"itemListElement\":[{\"@type\":\"ListItem\",\"position\":1,\"name\":\"In\u00edcio\",\"item\":\"https:\\\/\\\/casaraoimoveis.com.br\\\/blog\\\/\"},{\"@type\":\"ListItem\",\"position\":2,\"name\":\"Preocupa\u00e7\u00f5es e medos de alugar hoje em dia\"}]},{\"@type\":\"WebSite\",\"@id\":\"https:\\\/\\\/casaraoimoveis.com.br\\\/blog\\\/#website\",\"url\":\"https:\\\/\\\/casaraoimoveis.com.br\\\/blog\\\/\",\"name\":\"Blog da Casar\u00e3o\",\"description\":\"Aqui tem um lugar pra voc\u00ea\",\"publisher\":{\"@id\":\"https:\\\/\\\/casaraoimoveis.com.br\\\/blog\\\/#organization\"},\"potentialAction\":[{\"@type\":\"SearchAction\",\"target\":{\"@type\":\"EntryPoint\",\"urlTemplate\":\"https:\\\/\\\/casaraoimoveis.com.br\\\/blog\\\/?s={search_term_string}\"},\"query-input\":{\"@type\":\"PropertyValueSpecification\",\"valueRequired\":true,\"valueName\":\"search_term_string\"}}],\"inLanguage\":\"pt-BR\"},{\"@type\":\"Organization\",\"@id\":\"https:\\\/\\\/casaraoimoveis.com.br\\\/blog\\\/#organization\",\"name\":\"Casar\u00e3o Im\u00f3veis\",\"url\":\"https:\\\/\\\/casaraoimoveis.com.br\\\/blog\\\/\",\"logo\":{\"@type\":\"ImageObject\",\"inLanguage\":\"pt-BR\",\"@id\":\"https:\\\/\\\/casaraoimoveis.com.br\\\/blog\\\/#\\\/schema\\\/logo\\\/image\\\/\",\"url\":\"https:\\\/\\\/casaraoimoveis.com.br\\\/blog\\\/wp-content\\\/uploads\\\/2023\\\/11\\\/cropped-marca_horizontal_.png\",\"contentUrl\":\"https:\\\/\\\/casaraoimoveis.com.br\\\/blog\\\/wp-content\\\/uploads\\\/2023\\\/11\\\/cropped-marca_horizontal_.png\",\"width\":678,\"height\":136,\"caption\":\"Casar\u00e3o Im\u00f3veis\"},\"image\":{\"@id\":\"https:\\\/\\\/casaraoimoveis.com.br\\\/blog\\\/#\\\/schema\\\/logo\\\/image\\\/\"},\"sameAs\":[\"https:\\\/\\\/www.facebook.com\\\/CasaraoImoveis\\\/\",\"https:\\\/\\\/x.com\\\/casaraoimoveis\",\"https:\\\/\\\/www.instagram.com\\\/casarao_imoveis\\\/\",\"https:\\\/\\\/www.linkedin.com\\\/company\\\/casar\u00e3o-im\u00f3veis\",\"https:\\\/\\\/www.youtube.com\\\/channel\\\/UCTAp0eq_KdwHwO46z4te6Cg\"]},{\"@type\":\"Person\",\"@id\":\"https:\\\/\\\/casaraoimoveis.com.br\\\/blog\\\/#\\\/schema\\\/person\\\/2534db74779d8a964faa9a0c48034be9\",\"name\":\"Marketing Casar\u00e3o\",\"image\":{\"@type\":\"ImageObject\",\"inLanguage\":\"pt-BR\",\"@id\":\"https:\\\/\\\/secure.gravatar.com\\\/avatar\\\/f4bdc26f96b00fca29787d7ccf30f163cdf3f5da541e317aced1fddb1a88aff6?s=96&d=mm&r=g\",\"url\":\"https:\\\/\\\/secure.gravatar.com\\\/avatar\\\/f4bdc26f96b00fca29787d7ccf30f163cdf3f5da541e317aced1fddb1a88aff6?s=96&d=mm&r=g\",\"contentUrl\":\"https:\\\/\\\/secure.gravatar.com\\\/avatar\\\/f4bdc26f96b00fca29787d7ccf30f163cdf3f5da541e317aced1fddb1a88aff6?s=96&d=mm&r=g\",\"caption\":\"Marketing Casar\u00e3o\"},\"sameAs\":[\"http:\\\/\\\/www.incomum.in\"],\"url\":\"https:\\\/\\\/casaraoimoveis.com.br\\\/blog\\\/author\\\/anabachiega\\\/\"}]}<\/script>\n<!-- \/ Yoast SEO plugin. -->","yoast_head_json":{"title":"Preocupa\u00e7\u00f5es e medos de alugar hoje em dia - Blog da Casar\u00e3o","description":"N\u00e3o s\u00e3o poucas as preocupa\u00e7\u00f5es e o medo de alugar hoje em dia. Seja inquilino ou propriet\u00e1rio. Nesse post, veja como se precaver.","robots":{"index":"index","follow":"follow","max-snippet":"max-snippet:-1","max-image-preview":"max-image-preview:large","max-video-preview":"max-video-preview:-1"},"canonical":"https:\/\/casaraoimoveis.com.br\/blog\/medo-de-alugar-hoje-em-dia\/","og_locale":"pt_BR","og_type":"article","og_title":"Preocupa\u00e7\u00f5es e medos de alugar hoje em dia - Blog da Casar\u00e3o","og_description":"N\u00e3o s\u00e3o poucas as preocupa\u00e7\u00f5es e o medo de alugar hoje em dia. Seja inquilino ou propriet\u00e1rio. Nesse post, veja como se precaver.","og_url":"https:\/\/casaraoimoveis.com.br\/blog\/medo-de-alugar-hoje-em-dia\/","og_site_name":"Blog da Casar\u00e3o","article_publisher":"https:\/\/www.facebook.com\/CasaraoImoveis\/","article_published_time":"2018-02-01T18:06:12+00:00","article_modified_time":"2023-03-22T15:53:34+00:00","og_image":[{"width":579,"height":388,"url":"https:\/\/casaraoimoveis.com.br\/blog\/wp-content\/uploads\/2018\/02\/canstockphoto1778555-e1520962490985.jpg","type":"image\/jpeg"}],"author":"Marketing Casar\u00e3o","twitter_card":"summary_large_image","twitter_creator":"@casaraoimoveis","twitter_site":"@casaraoimoveis","twitter_misc":{"Escrito por":"Marketing Casar\u00e3o","Est. tempo de leitura":"3 minutos"},"schema":{"@context":"https:\/\/schema.org","@graph":[{"@type":"Article","@id":"https:\/\/casaraoimoveis.com.br\/blog\/medo-de-alugar-hoje-em-dia\/#article","isPartOf":{"@id":"https:\/\/casaraoimoveis.com.br\/blog\/medo-de-alugar-hoje-em-dia\/"},"author":{"name":"Marketing Casar\u00e3o","@id":"https:\/\/casaraoimoveis.com.br\/blog\/#\/schema\/person\/2534db74779d8a964faa9a0c48034be9"},"headline":"Preocupa\u00e7\u00f5es e medos de alugar hoje em dia","datePublished":"2018-02-01T18:06:12+00:00","dateModified":"2023-03-22T15:53:34+00:00","mainEntityOfPage":{"@id":"https:\/\/casaraoimoveis.com.br\/blog\/medo-de-alugar-hoje-em-dia\/"},"wordCount":581,"commentCount":1,"publisher":{"@id":"https:\/\/casaraoimoveis.com.br\/blog\/#organization"},"image":{"@id":"https:\/\/casaraoimoveis.com.br\/blog\/medo-de-alugar-hoje-em-dia\/#primaryimage"},"thumbnailUrl":"https:\/\/casaraoimoveis.com.br\/blog\/wp-content\/uploads\/2018\/02\/canstockphoto1778555-e1520962490985.jpg","articleSection":["Aluguel","Aluguel Inquilino","Aluguel Propriet\u00e1rio","Dicas aluguel"],"inLanguage":"pt-BR","potentialAction":[{"@type":"CommentAction","name":"Comment","target":["https:\/\/casaraoimoveis.com.br\/blog\/medo-de-alugar-hoje-em-dia\/#respond"]}]},{"@type":"WebPage","@id":"https:\/\/casaraoimoveis.com.br\/blog\/medo-de-alugar-hoje-em-dia\/","url":"https:\/\/casaraoimoveis.com.br\/blog\/medo-de-alugar-hoje-em-dia\/","name":"Preocupa\u00e7\u00f5es e medos de alugar hoje em dia - Blog da Casar\u00e3o","isPartOf":{"@id":"https:\/\/casaraoimoveis.com.br\/blog\/#website"},"primaryImageOfPage":{"@id":"https:\/\/casaraoimoveis.com.br\/blog\/medo-de-alugar-hoje-em-dia\/#primaryimage"},"image":{"@id":"https:\/\/casaraoimoveis.com.br\/blog\/medo-de-alugar-hoje-em-dia\/#primaryimage"},"thumbnailUrl":"https:\/\/casaraoimoveis.com.br\/blog\/wp-content\/uploads\/2018\/02\/canstockphoto1778555-e1520962490985.jpg","datePublished":"2018-02-01T18:06:12+00:00","dateModified":"2023-03-22T15:53:34+00:00","description":"N\u00e3o s\u00e3o poucas as preocupa\u00e7\u00f5es e o medo de alugar hoje em dia. Seja inquilino ou propriet\u00e1rio. Nesse post, veja como se precaver.","breadcrumb":{"@id":"https:\/\/casaraoimoveis.com.br\/blog\/medo-de-alugar-hoje-em-dia\/#breadcrumb"},"inLanguage":"pt-BR","potentialAction":[{"@type":"ReadAction","target":["https:\/\/casaraoimoveis.com.br\/blog\/medo-de-alugar-hoje-em-dia\/"]}]},{"@type":"ImageObject","inLanguage":"pt-BR","@id":"https:\/\/casaraoimoveis.com.br\/blog\/medo-de-alugar-hoje-em-dia\/#primaryimage","url":"https:\/\/casaraoimoveis.com.br\/blog\/wp-content\/uploads\/2018\/02\/canstockphoto1778555-e1520962490985.jpg","contentUrl":"https:\/\/casaraoimoveis.com.br\/blog\/wp-content\/uploads\/2018\/02\/canstockphoto1778555-e1520962490985.jpg","width":579,"height":388,"caption":"medo de alugar"},{"@type":"BreadcrumbList","@id":"https:\/\/casaraoimoveis.com.br\/blog\/medo-de-alugar-hoje-em-dia\/#breadcrumb","itemListElement":[{"@type":"ListItem","position":1,"name":"In\u00edcio","item":"https:\/\/casaraoimoveis.com.br\/blog\/"},{"@type":"ListItem","position":2,"name":"Preocupa\u00e7\u00f5es e medos de alugar hoje em dia"}]},{"@type":"WebSite","@id":"https:\/\/casaraoimoveis.com.br\/blog\/#website","url":"https:\/\/casaraoimoveis.com.br\/blog\/","name":"Blog da Casar\u00e3o","description":"Aqui tem um lugar pra voc\u00ea","publisher":{"@id":"https:\/\/casaraoimoveis.com.br\/blog\/#organization"},"potentialAction":[{"@type":"SearchAction","target":{"@type":"EntryPoint","urlTemplate":"https:\/\/casaraoimoveis.com.br\/blog\/?s={search_term_string}"},"query-input":{"@type":"PropertyValueSpecification","valueRequired":true,"valueName":"search_term_string"}}],"inLanguage":"pt-BR"},{"@type":"Organization","@id":"https:\/\/casaraoimoveis.com.br\/blog\/#organization","name":"Casar\u00e3o Im\u00f3veis","url":"https:\/\/casaraoimoveis.com.br\/blog\/","logo":{"@type":"ImageObject","inLanguage":"pt-BR","@id":"https:\/\/casaraoimoveis.com.br\/blog\/#\/schema\/logo\/image\/","url":"https:\/\/casaraoimoveis.com.br\/blog\/wp-content\/uploads\/2023\/11\/cropped-marca_horizontal_.png","contentUrl":"https:\/\/casaraoimoveis.com.br\/blog\/wp-content\/uploads\/2023\/11\/cropped-marca_horizontal_.png","width":678,"height":136,"caption":"Casar\u00e3o Im\u00f3veis"},"image":{"@id":"https:\/\/casaraoimoveis.com.br\/blog\/#\/schema\/logo\/image\/"},"sameAs":["https:\/\/www.facebook.com\/CasaraoImoveis\/","https:\/\/x.com\/casaraoimoveis","https:\/\/www.instagram.com\/casarao_imoveis\/","https:\/\/www.linkedin.com\/company\/casar\u00e3o-im\u00f3veis","https:\/\/www.youtube.com\/channel\/UCTAp0eq_KdwHwO46z4te6Cg"]},{"@type":"Person","@id":"https:\/\/casaraoimoveis.com.br\/blog\/#\/schema\/person\/2534db74779d8a964faa9a0c48034be9","name":"Marketing Casar\u00e3o","image":{"@type":"ImageObject","inLanguage":"pt-BR","@id":"https:\/\/secure.gravatar.com\/avatar\/f4bdc26f96b00fca29787d7ccf30f163cdf3f5da541e317aced1fddb1a88aff6?s=96&d=mm&r=g","url":"https:\/\/secure.gravatar.com\/avatar\/f4bdc26f96b00fca29787d7ccf30f163cdf3f5da541e317aced1fddb1a88aff6?s=96&d=mm&r=g","contentUrl":"https:\/\/secure.gravatar.com\/avatar\/f4bdc26f96b00fca29787d7ccf30f163cdf3f5da541e317aced1fddb1a88aff6?s=96&d=mm&r=g","caption":"Marketing Casar\u00e3o"},"sameAs":["http:\/\/www.incomum.in"],"url":"https:\/\/casaraoimoveis.com.br\/blog\/author\/anabachiega\/"}]}},"_links":{"self":[{"href":"https:\/\/casaraoimoveis.com.br\/blog\/wp-json\/wp\/v2\/posts\/605","targetHints":{"allow":["GET"]}}],"collection":[{"href":"https:\/\/casaraoimoveis.com.br\/blog\/wp-json\/wp\/v2\/posts"}],"about":[{"href":"https:\/\/casaraoimoveis.com.br\/blog\/wp-json\/wp\/v2\/types\/post"}],"author":[{"embeddable":true,"href":"https:\/\/casaraoimoveis.com.br\/blog\/wp-json\/wp\/v2\/users\/6"}],"replies":[{"embeddable":true,"href":"https:\/\/casaraoimoveis.com.br\/blog\/wp-json\/wp\/v2\/comments?post=605"}],"version-history":[{"count":11,"href":"https:\/\/casaraoimoveis.com.br\/blog\/wp-json\/wp\/v2\/posts\/605\/revisions"}],"predecessor-version":[{"id":5600,"href":"https:\/\/casaraoimoveis.com.br\/blog\/wp-json\/wp\/v2\/posts\/605\/revisions\/5600"}],"wp:featuredmedia":[{"embeddable":true,"href":"https:\/\/casaraoimoveis.com.br\/blog\/wp-json\/wp\/v2\/media\/617"}],"wp:attachment":[{"href":"https:\/\/casaraoimoveis.com.br\/blog\/wp-json\/wp\/v2\/media?parent=605"}],"wp:term":[{"taxonomy":"category","embeddable":true,"href":"https:\/\/casaraoimoveis.com.br\/blog\/wp-json\/wp\/v2\/categories?post=605"},{"taxonomy":"post_tag","embeddable":true,"href":"https:\/\/casaraoimoveis.com.br\/blog\/wp-json\/wp\/v2\/tags?post=605"}],"curies":[{"name":"wp","href":"https:\/\/api.w.org\/{rel}","templated":true}]}}