{"id":5852,"date":"2023-06-07T11:07:46","date_gmt":"2023-06-07T14:07:46","guid":{"rendered":"https:\/\/casaraoimoveis.com.br\/blog\/?p=5852"},"modified":"2023-06-07T11:07:46","modified_gmt":"2023-06-07T14:07:46","slug":"fenadoce-uma-doce-celebracao-em-pelotas","status":"publish","type":"post","link":"https:\/\/casaraoimoveis.com.br\/blog\/fenadoce-uma-doce-celebracao-em-pelotas\/","title":{"rendered":"Fenadoce: Uma Doce Celebra\u00e7\u00e3o em Pelotas."},"content":{"rendered":"\n<p>A Fenadoce 2023 est\u00e1 de volta! Organizada anualmente pela C\u00e2mara de Dirigentes Lojistas de Pelotas, essa tradicional feira \u00e9 um verdadeiro mergulho na hist\u00f3ria e cultura dos doces pelotenses. Desde a sua cria\u00e7\u00e3o em 1986, a Fenadoce conquistou seu lugar no cora\u00e7\u00e3o dos amantes de doces e dos pelotenses.<\/p>\n\n\n\n<figure class=\"wp-block-image size-full is-resized\"><a href=\"https:\/\/casaraoimoveis.com.br\/blog\/wp-content\/uploads\/2023\/06\/fena1-1.jpg\"><img loading=\"lazy\" decoding=\"async\" src=\"https:\/\/casaraoimoveis.com.br\/blog\/wp-content\/uploads\/2023\/06\/fena1-1.jpg\" alt=\"\" class=\"wp-image-5854\" width=\"372\" height=\"372\" srcset=\"https:\/\/casaraoimoveis.com.br\/blog\/wp-content\/uploads\/2023\/06\/fena1-1.jpg 900w, https:\/\/casaraoimoveis.com.br\/blog\/wp-content\/uploads\/2023\/06\/fena1-1-300x300.jpg 300w, https:\/\/casaraoimoveis.com.br\/blog\/wp-content\/uploads\/2023\/06\/fena1-1-150x150.jpg 150w, https:\/\/casaraoimoveis.com.br\/blog\/wp-content\/uploads\/2023\/06\/fena1-1-768x768.jpg 768w\" sizes=\"auto, (max-width: 372px) 100vw, 372px\" \/><\/a><figcaption class=\"wp-element-caption\">1\u00aa EDI\u00c7\u00c3O<br><strong>Data:<\/strong>\u00a015 a 19 de janeiro de 1986<br><strong>Local:<\/strong>\u00a0Campus 3 \u2013 UCPel (Praia do Laranjal)<br><strong>Realiza\u00e7\u00e3o:<\/strong>\u00a0Prefeitura Municipal <\/figcaption><\/figure>\n\n\n\n<p>O grande protagonista desse evento s\u00e3o os doces certificados, encontrados na encantadora Cidade do Doce. E n\u00e3o para por a\u00ed, com uma ampla \u00e1rea de servi\u00e7os, a feira recebe expositores de todo o Estado, oferecendo mais de 2.000 lugares na Pra\u00e7a de alimenta\u00e7\u00e3o e 5.000 vagas de estacionamento.<\/p>\n\n\n\n<p>Realizada entre maio e junho, a Fenadoce movimenta a regi\u00e3o com seu calend\u00e1rio repleto de del\u00edcias. Desde as primeiras edi\u00e7\u00f5es, a feira conta com uma corte de representantes, e em 2020, o concurso ganhou um novo modelo: agora a Fenadoce \u00e9 representada por baronesas, que ajudam a recriar a hist\u00f3ria da cidade.<\/p>\n\n\n\n<p>Com excurs\u00f5es vindas de todo o pa\u00eds e at\u00e9 mesmo dos pa\u00edses vizinhos, como Argentina e Uruguai, a Fenadoce se tornou um \u00edcone do turismo na regi\u00e3o sul, estimulando tamb\u00e9m os roteiros gastron\u00f4micos.<\/p>\n\n\n\n<p>Em 2019, a import\u00e2ncia da feira foi reconhecida pelo ent\u00e3o governador do Estado, Eduardo Leite, que a declarou patrim\u00f4nio estadual. A cada ano, a Fenadoce abra\u00e7a uma tem\u00e1tica diferente, valorizando sua pr\u00f3pria hist\u00f3ria e a da cidade de Pelotas. Al\u00e9m disso, promove a\u00e7\u00f5es como a Gincana Cultural, envolvendo os col\u00e9gios da regi\u00e3o, e a Fenadoce Cultural, dando oportunidades aos talentosos artistas locais.<\/p>\n\n\n\n<p>Durante os dias de programa\u00e7\u00e3o, a Fenadoce oferece uma variedade de atra\u00e7\u00f5es, desde shows musicais at\u00e9 semin\u00e1rios, palestras e interven\u00e7\u00f5es culturais. O conhecimento, o turismo e os neg\u00f3cios se entrela\u00e7am nesse ambiente repleto de do\u00e7ura. Vale ressaltar que a feira tamb\u00e9m teve um papel fundamental para o reconhecimento de Pelotas como Patrim\u00f4nio material e imaterial do Brasil pelo Instituto do Patrim\u00f4nio Hist\u00f3rico e Art\u00edstico Nacional (Iphan) em 2018.<\/p>\n\n\n\n<p>A Fenadoce come\u00e7ou dia 2 de junho, n\u00e3o perca a oportunidade de participar desse evento incr\u00edvel, que vai at\u00e9 o dia 18 de junho. Venha experimentar o melhor da tradi\u00e7\u00e3o pelotense e se encantar com toda a hist\u00f3ria que envolve essa festa magn\u00edfica.\u00a0<\/p>\n\n\n\n<p>Aproveita para acessar o belo <a href=\"https:\/\/fenadoce.com.br\/\" target=\"_blank\" rel=\"noreferrer noopener\">site da Fenadoce<\/a> e conferir a programa\u00e7\u00e3o completa do evento.\u00a0<\/p>\n\n\n\n<p><em>Comenta aqui, se voc\u00ea j\u00e1 foi em alguma edi\u00e7\u00e3o da Fenadoce, vamos adorar saber \ud83d\ude42 <\/em><\/p>\n","protected":false},"excerpt":{"rendered":"<p>Fenadoce 2023: A doce celebra\u00e7\u00e3o em Pelotas. Descubra a hist\u00f3ria, sabores e curiosidades dessa tradicional feira gastron\u00f4mica.<\/p>\n","protected":false},"author":1,"featured_media":5859,"comment_status":"open","ping_status":"open","sticky":true,"template":"","format":"standard","meta":{"footnotes":""},"categories":[1],"tags":[657,658,656,32],"class_list":{"0":"post-5852","1":"post","2":"type-post","3":"status-publish","4":"format-standard","5":"has-post-thumbnail","7":"category-ebooks","8":"tag-doces","9":"tag-docesdepelotas","10":"tag-fenadoce","11":"tag-pelotas","12":"czr-hentry"},"yoast_head":"<!-- This site is optimized with the Yoast SEO plugin v27.4 - https:\/\/yoast.com\/product\/yoast-seo-wordpress\/ -->\n<title>Fenadoce: Uma Doce Celebra\u00e7\u00e3o em Pelotas. - Blog da Casar\u00e3o<\/title>\n<meta name=\"robots\" content=\"index, follow, max-snippet:-1, max-image-preview:large, max-video-preview:-1\" \/>\n<link rel=\"canonical\" href=\"https:\/\/casaraoimoveis.com.br\/blog\/fenadoce-uma-doce-celebracao-em-pelotas\/\" \/>\n<meta property=\"og:locale\" content=\"pt_BR\" \/>\n<meta property=\"og:type\" content=\"article\" \/>\n<meta property=\"og:title\" content=\"Fenadoce: Uma Doce Celebra\u00e7\u00e3o em Pelotas. - Blog da Casar\u00e3o\" \/>\n<meta property=\"og:description\" content=\"Fenadoce 2023: A doce celebra\u00e7\u00e3o em Pelotas. Descubra a hist\u00f3ria, sabores e curiosidades dessa tradicional feira gastron\u00f4mica.\" \/>\n<meta property=\"og:url\" content=\"https:\/\/casaraoimoveis.com.br\/blog\/fenadoce-uma-doce-celebracao-em-pelotas\/\" \/>\n<meta property=\"og:site_name\" content=\"Blog da Casar\u00e3o\" \/>\n<meta property=\"article:publisher\" content=\"https:\/\/www.facebook.com\/CasaraoImoveis\/\" \/>\n<meta property=\"article:published_time\" content=\"2023-06-07T14:07:46+00:00\" \/>\n<meta property=\"og:image\" content=\"https:\/\/casaraoimoveis.com.br\/blog\/wp-content\/uploads\/2023\/06\/fenadoce_2015_06_07_0007_reversocomunicacao-2980038-e1686146535342.webp\" \/>\n\t<meta property=\"og:image:width\" content=\"1920\" \/>\n\t<meta property=\"og:image:height\" content=\"600\" \/>\n\t<meta property=\"og:image:type\" content=\"image\/webp\" \/>\n<meta name=\"author\" content=\"Casar\u00e3o Im\u00f3veis\" \/>\n<meta name=\"twitter:card\" content=\"summary_large_image\" \/>\n<meta name=\"twitter:creator\" content=\"@casaraoimoveis\" \/>\n<meta name=\"twitter:site\" content=\"@casaraoimoveis\" \/>\n<meta name=\"twitter:label1\" content=\"Escrito por\" \/>\n\t<meta name=\"twitter:data1\" content=\"Casar\u00e3o Im\u00f3veis\" \/>\n\t<meta name=\"twitter:label2\" content=\"Est. tempo de leitura\" \/>\n\t<meta name=\"twitter:data2\" content=\"3 minutos\" \/>\n<script type=\"application\/ld+json\" class=\"yoast-schema-graph\">{\"@context\":\"https:\\\/\\\/schema.org\",\"@graph\":[{\"@type\":\"Article\",\"@id\":\"https:\\\/\\\/casaraoimoveis.com.br\\\/blog\\\/fenadoce-uma-doce-celebracao-em-pelotas\\\/#article\",\"isPartOf\":{\"@id\":\"https:\\\/\\\/casaraoimoveis.com.br\\\/blog\\\/fenadoce-uma-doce-celebracao-em-pelotas\\\/\"},\"author\":{\"name\":\"Casar\u00e3o Im\u00f3veis\",\"@id\":\"https:\\\/\\\/casaraoimoveis.com.br\\\/blog\\\/#\\\/schema\\\/person\\\/e16cef1fbb7c8a690c1fba0bbba4df2e\"},\"headline\":\"Fenadoce: Uma Doce Celebra\u00e7\u00e3o em Pelotas.\",\"datePublished\":\"2023-06-07T14:07:46+00:00\",\"mainEntityOfPage\":{\"@id\":\"https:\\\/\\\/casaraoimoveis.com.br\\\/blog\\\/fenadoce-uma-doce-celebracao-em-pelotas\\\/\"},\"wordCount\":448,\"commentCount\":0,\"publisher\":{\"@id\":\"https:\\\/\\\/casaraoimoveis.com.br\\\/blog\\\/#organization\"},\"image\":{\"@id\":\"https:\\\/\\\/casaraoimoveis.com.br\\\/blog\\\/fenadoce-uma-doce-celebracao-em-pelotas\\\/#primaryimage\"},\"thumbnailUrl\":\"https:\\\/\\\/casaraoimoveis.com.br\\\/blog\\\/wp-content\\\/uploads\\\/2023\\\/06\\\/fenadoce_2015_06_07_0007_reversocomunicacao-2980038-e1686146535342.webp\",\"keywords\":[\"doces\",\"docesdepelotas\",\"fenadoce\",\"Pelotas\"],\"articleSection\":[\"Ebooks\"],\"inLanguage\":\"pt-BR\",\"potentialAction\":[{\"@type\":\"CommentAction\",\"name\":\"Comment\",\"target\":[\"https:\\\/\\\/casaraoimoveis.com.br\\\/blog\\\/fenadoce-uma-doce-celebracao-em-pelotas\\\/#respond\"]}]},{\"@type\":\"WebPage\",\"@id\":\"https:\\\/\\\/casaraoimoveis.com.br\\\/blog\\\/fenadoce-uma-doce-celebracao-em-pelotas\\\/\",\"url\":\"https:\\\/\\\/casaraoimoveis.com.br\\\/blog\\\/fenadoce-uma-doce-celebracao-em-pelotas\\\/\",\"name\":\"Fenadoce: Uma Doce Celebra\u00e7\u00e3o em Pelotas. - Blog da Casar\u00e3o\",\"isPartOf\":{\"@id\":\"https:\\\/\\\/casaraoimoveis.com.br\\\/blog\\\/#website\"},\"primaryImageOfPage\":{\"@id\":\"https:\\\/\\\/casaraoimoveis.com.br\\\/blog\\\/fenadoce-uma-doce-celebracao-em-pelotas\\\/#primaryimage\"},\"image\":{\"@id\":\"https:\\\/\\\/casaraoimoveis.com.br\\\/blog\\\/fenadoce-uma-doce-celebracao-em-pelotas\\\/#primaryimage\"},\"thumbnailUrl\":\"https:\\\/\\\/casaraoimoveis.com.br\\\/blog\\\/wp-content\\\/uploads\\\/2023\\\/06\\\/fenadoce_2015_06_07_0007_reversocomunicacao-2980038-e1686146535342.webp\",\"datePublished\":\"2023-06-07T14:07:46+00:00\",\"breadcrumb\":{\"@id\":\"https:\\\/\\\/casaraoimoveis.com.br\\\/blog\\\/fenadoce-uma-doce-celebracao-em-pelotas\\\/#breadcrumb\"},\"inLanguage\":\"pt-BR\",\"potentialAction\":[{\"@type\":\"ReadAction\",\"target\":[\"https:\\\/\\\/casaraoimoveis.com.br\\\/blog\\\/fenadoce-uma-doce-celebracao-em-pelotas\\\/\"]}]},{\"@type\":\"ImageObject\",\"inLanguage\":\"pt-BR\",\"@id\":\"https:\\\/\\\/casaraoimoveis.com.br\\\/blog\\\/fenadoce-uma-doce-celebracao-em-pelotas\\\/#primaryimage\",\"url\":\"https:\\\/\\\/casaraoimoveis.com.br\\\/blog\\\/wp-content\\\/uploads\\\/2023\\\/06\\\/fenadoce_2015_06_07_0007_reversocomunicacao-2980038-e1686146535342.webp\",\"contentUrl\":\"https:\\\/\\\/casaraoimoveis.com.br\\\/blog\\\/wp-content\\\/uploads\\\/2023\\\/06\\\/fenadoce_2015_06_07_0007_reversocomunicacao-2980038-e1686146535342.webp\",\"width\":1920,\"height\":600},{\"@type\":\"BreadcrumbList\",\"@id\":\"https:\\\/\\\/casaraoimoveis.com.br\\\/blog\\\/fenadoce-uma-doce-celebracao-em-pelotas\\\/#breadcrumb\",\"itemListElement\":[{\"@type\":\"ListItem\",\"position\":1,\"name\":\"In\u00edcio\",\"item\":\"https:\\\/\\\/casaraoimoveis.com.br\\\/blog\\\/\"},{\"@type\":\"ListItem\",\"position\":2,\"name\":\"Fenadoce: Uma Doce Celebra\u00e7\u00e3o em Pelotas.\"}]},{\"@type\":\"WebSite\",\"@id\":\"https:\\\/\\\/casaraoimoveis.com.br\\\/blog\\\/#website\",\"url\":\"https:\\\/\\\/casaraoimoveis.com.br\\\/blog\\\/\",\"name\":\"Blog da Casar\u00e3o\",\"description\":\"Aqui tem um lugar pra voc\u00ea\",\"publisher\":{\"@id\":\"https:\\\/\\\/casaraoimoveis.com.br\\\/blog\\\/#organization\"},\"potentialAction\":[{\"@type\":\"SearchAction\",\"target\":{\"@type\":\"EntryPoint\",\"urlTemplate\":\"https:\\\/\\\/casaraoimoveis.com.br\\\/blog\\\/?s={search_term_string}\"},\"query-input\":{\"@type\":\"PropertyValueSpecification\",\"valueRequired\":true,\"valueName\":\"search_term_string\"}}],\"inLanguage\":\"pt-BR\"},{\"@type\":\"Organization\",\"@id\":\"https:\\\/\\\/casaraoimoveis.com.br\\\/blog\\\/#organization\",\"name\":\"Casar\u00e3o Im\u00f3veis\",\"url\":\"https:\\\/\\\/casaraoimoveis.com.br\\\/blog\\\/\",\"logo\":{\"@type\":\"ImageObject\",\"inLanguage\":\"pt-BR\",\"@id\":\"https:\\\/\\\/casaraoimoveis.com.br\\\/blog\\\/#\\\/schema\\\/logo\\\/image\\\/\",\"url\":\"https:\\\/\\\/casaraoimoveis.com.br\\\/blog\\\/wp-content\\\/uploads\\\/2023\\\/11\\\/cropped-marca_horizontal_.png\",\"contentUrl\":\"https:\\\/\\\/casaraoimoveis.com.br\\\/blog\\\/wp-content\\\/uploads\\\/2023\\\/11\\\/cropped-marca_horizontal_.png\",\"width\":678,\"height\":136,\"caption\":\"Casar\u00e3o Im\u00f3veis\"},\"image\":{\"@id\":\"https:\\\/\\\/casaraoimoveis.com.br\\\/blog\\\/#\\\/schema\\\/logo\\\/image\\\/\"},\"sameAs\":[\"https:\\\/\\\/www.facebook.com\\\/CasaraoImoveis\\\/\",\"https:\\\/\\\/x.com\\\/casaraoimoveis\",\"https:\\\/\\\/www.instagram.com\\\/casarao_imoveis\\\/\",\"https:\\\/\\\/www.linkedin.com\\\/company\\\/casar\u00e3o-im\u00f3veis\",\"https:\\\/\\\/www.youtube.com\\\/channel\\\/UCTAp0eq_KdwHwO46z4te6Cg\"]},{\"@type\":\"Person\",\"@id\":\"https:\\\/\\\/casaraoimoveis.com.br\\\/blog\\\/#\\\/schema\\\/person\\\/e16cef1fbb7c8a690c1fba0bbba4df2e\",\"name\":\"Casar\u00e3o Im\u00f3veis\",\"image\":{\"@type\":\"ImageObject\",\"inLanguage\":\"pt-BR\",\"@id\":\"https:\\\/\\\/secure.gravatar.com\\\/avatar\\\/7a1ddba970d9276940cc0f0b800e5caae3f2cffc53da4c2669c01171319f0c43?s=96&d=mm&r=g\",\"url\":\"https:\\\/\\\/secure.gravatar.com\\\/avatar\\\/7a1ddba970d9276940cc0f0b800e5caae3f2cffc53da4c2669c01171319f0c43?s=96&d=mm&r=g\",\"contentUrl\":\"https:\\\/\\\/secure.gravatar.com\\\/avatar\\\/7a1ddba970d9276940cc0f0b800e5caae3f2cffc53da4c2669c01171319f0c43?s=96&d=mm&r=g\",\"caption\":\"Casar\u00e3o Im\u00f3veis\"},\"url\":\"https:\\\/\\\/casaraoimoveis.com.br\\\/blog\\\/author\\\/k23kasm23k\\\/\"}]}<\/script>\n<!-- \/ Yoast SEO plugin. -->","yoast_head_json":{"title":"Fenadoce: Uma Doce Celebra\u00e7\u00e3o em Pelotas. - Blog da Casar\u00e3o","robots":{"index":"index","follow":"follow","max-snippet":"max-snippet:-1","max-image-preview":"max-image-preview:large","max-video-preview":"max-video-preview:-1"},"canonical":"https:\/\/casaraoimoveis.com.br\/blog\/fenadoce-uma-doce-celebracao-em-pelotas\/","og_locale":"pt_BR","og_type":"article","og_title":"Fenadoce: Uma Doce Celebra\u00e7\u00e3o em Pelotas. - Blog da Casar\u00e3o","og_description":"Fenadoce 2023: A doce celebra\u00e7\u00e3o em Pelotas. Descubra a hist\u00f3ria, sabores e curiosidades dessa tradicional feira gastron\u00f4mica.","og_url":"https:\/\/casaraoimoveis.com.br\/blog\/fenadoce-uma-doce-celebracao-em-pelotas\/","og_site_name":"Blog da Casar\u00e3o","article_publisher":"https:\/\/www.facebook.com\/CasaraoImoveis\/","article_published_time":"2023-06-07T14:07:46+00:00","og_image":[{"width":1920,"height":600,"url":"https:\/\/casaraoimoveis.com.br\/blog\/wp-content\/uploads\/2023\/06\/fenadoce_2015_06_07_0007_reversocomunicacao-2980038-e1686146535342.webp","type":"image\/webp"}],"author":"Casar\u00e3o Im\u00f3veis","twitter_card":"summary_large_image","twitter_creator":"@casaraoimoveis","twitter_site":"@casaraoimoveis","twitter_misc":{"Escrito por":"Casar\u00e3o Im\u00f3veis","Est. tempo de leitura":"3 minutos"},"schema":{"@context":"https:\/\/schema.org","@graph":[{"@type":"Article","@id":"https:\/\/casaraoimoveis.com.br\/blog\/fenadoce-uma-doce-celebracao-em-pelotas\/#article","isPartOf":{"@id":"https:\/\/casaraoimoveis.com.br\/blog\/fenadoce-uma-doce-celebracao-em-pelotas\/"},"author":{"name":"Casar\u00e3o Im\u00f3veis","@id":"https:\/\/casaraoimoveis.com.br\/blog\/#\/schema\/person\/e16cef1fbb7c8a690c1fba0bbba4df2e"},"headline":"Fenadoce: Uma Doce Celebra\u00e7\u00e3o em Pelotas.","datePublished":"2023-06-07T14:07:46+00:00","mainEntityOfPage":{"@id":"https:\/\/casaraoimoveis.com.br\/blog\/fenadoce-uma-doce-celebracao-em-pelotas\/"},"wordCount":448,"commentCount":0,"publisher":{"@id":"https:\/\/casaraoimoveis.com.br\/blog\/#organization"},"image":{"@id":"https:\/\/casaraoimoveis.com.br\/blog\/fenadoce-uma-doce-celebracao-em-pelotas\/#primaryimage"},"thumbnailUrl":"https:\/\/casaraoimoveis.com.br\/blog\/wp-content\/uploads\/2023\/06\/fenadoce_2015_06_07_0007_reversocomunicacao-2980038-e1686146535342.webp","keywords":["doces","docesdepelotas","fenadoce","Pelotas"],"articleSection":["Ebooks"],"inLanguage":"pt-BR","potentialAction":[{"@type":"CommentAction","name":"Comment","target":["https:\/\/casaraoimoveis.com.br\/blog\/fenadoce-uma-doce-celebracao-em-pelotas\/#respond"]}]},{"@type":"WebPage","@id":"https:\/\/casaraoimoveis.com.br\/blog\/fenadoce-uma-doce-celebracao-em-pelotas\/","url":"https:\/\/casaraoimoveis.com.br\/blog\/fenadoce-uma-doce-celebracao-em-pelotas\/","name":"Fenadoce: Uma Doce Celebra\u00e7\u00e3o em Pelotas. - Blog da Casar\u00e3o","isPartOf":{"@id":"https:\/\/casaraoimoveis.com.br\/blog\/#website"},"primaryImageOfPage":{"@id":"https:\/\/casaraoimoveis.com.br\/blog\/fenadoce-uma-doce-celebracao-em-pelotas\/#primaryimage"},"image":{"@id":"https:\/\/casaraoimoveis.com.br\/blog\/fenadoce-uma-doce-celebracao-em-pelotas\/#primaryimage"},"thumbnailUrl":"https:\/\/casaraoimoveis.com.br\/blog\/wp-content\/uploads\/2023\/06\/fenadoce_2015_06_07_0007_reversocomunicacao-2980038-e1686146535342.webp","datePublished":"2023-06-07T14:07:46+00:00","breadcrumb":{"@id":"https:\/\/casaraoimoveis.com.br\/blog\/fenadoce-uma-doce-celebracao-em-pelotas\/#breadcrumb"},"inLanguage":"pt-BR","potentialAction":[{"@type":"ReadAction","target":["https:\/\/casaraoimoveis.com.br\/blog\/fenadoce-uma-doce-celebracao-em-pelotas\/"]}]},{"@type":"ImageObject","inLanguage":"pt-BR","@id":"https:\/\/casaraoimoveis.com.br\/blog\/fenadoce-uma-doce-celebracao-em-pelotas\/#primaryimage","url":"https:\/\/casaraoimoveis.com.br\/blog\/wp-content\/uploads\/2023\/06\/fenadoce_2015_06_07_0007_reversocomunicacao-2980038-e1686146535342.webp","contentUrl":"https:\/\/casaraoimoveis.com.br\/blog\/wp-content\/uploads\/2023\/06\/fenadoce_2015_06_07_0007_reversocomunicacao-2980038-e1686146535342.webp","width":1920,"height":600},{"@type":"BreadcrumbList","@id":"https:\/\/casaraoimoveis.com.br\/blog\/fenadoce-uma-doce-celebracao-em-pelotas\/#breadcrumb","itemListElement":[{"@type":"ListItem","position":1,"name":"In\u00edcio","item":"https:\/\/casaraoimoveis.com.br\/blog\/"},{"@type":"ListItem","position":2,"name":"Fenadoce: Uma Doce Celebra\u00e7\u00e3o em Pelotas."}]},{"@type":"WebSite","@id":"https:\/\/casaraoimoveis.com.br\/blog\/#website","url":"https:\/\/casaraoimoveis.com.br\/blog\/","name":"Blog da Casar\u00e3o","description":"Aqui tem um lugar pra voc\u00ea","publisher":{"@id":"https:\/\/casaraoimoveis.com.br\/blog\/#organization"},"potentialAction":[{"@type":"SearchAction","target":{"@type":"EntryPoint","urlTemplate":"https:\/\/casaraoimoveis.com.br\/blog\/?s={search_term_string}"},"query-input":{"@type":"PropertyValueSpecification","valueRequired":true,"valueName":"search_term_string"}}],"inLanguage":"pt-BR"},{"@type":"Organization","@id":"https:\/\/casaraoimoveis.com.br\/blog\/#organization","name":"Casar\u00e3o Im\u00f3veis","url":"https:\/\/casaraoimoveis.com.br\/blog\/","logo":{"@type":"ImageObject","inLanguage":"pt-BR","@id":"https:\/\/casaraoimoveis.com.br\/blog\/#\/schema\/logo\/image\/","url":"https:\/\/casaraoimoveis.com.br\/blog\/wp-content\/uploads\/2023\/11\/cropped-marca_horizontal_.png","contentUrl":"https:\/\/casaraoimoveis.com.br\/blog\/wp-content\/uploads\/2023\/11\/cropped-marca_horizontal_.png","width":678,"height":136,"caption":"Casar\u00e3o Im\u00f3veis"},"image":{"@id":"https:\/\/casaraoimoveis.com.br\/blog\/#\/schema\/logo\/image\/"},"sameAs":["https:\/\/www.facebook.com\/CasaraoImoveis\/","https:\/\/x.com\/casaraoimoveis","https:\/\/www.instagram.com\/casarao_imoveis\/","https:\/\/www.linkedin.com\/company\/casar\u00e3o-im\u00f3veis","https:\/\/www.youtube.com\/channel\/UCTAp0eq_KdwHwO46z4te6Cg"]},{"@type":"Person","@id":"https:\/\/casaraoimoveis.com.br\/blog\/#\/schema\/person\/e16cef1fbb7c8a690c1fba0bbba4df2e","name":"Casar\u00e3o Im\u00f3veis","image":{"@type":"ImageObject","inLanguage":"pt-BR","@id":"https:\/\/secure.gravatar.com\/avatar\/7a1ddba970d9276940cc0f0b800e5caae3f2cffc53da4c2669c01171319f0c43?s=96&d=mm&r=g","url":"https:\/\/secure.gravatar.com\/avatar\/7a1ddba970d9276940cc0f0b800e5caae3f2cffc53da4c2669c01171319f0c43?s=96&d=mm&r=g","contentUrl":"https:\/\/secure.gravatar.com\/avatar\/7a1ddba970d9276940cc0f0b800e5caae3f2cffc53da4c2669c01171319f0c43?s=96&d=mm&r=g","caption":"Casar\u00e3o Im\u00f3veis"},"url":"https:\/\/casaraoimoveis.com.br\/blog\/author\/k23kasm23k\/"}]}},"_links":{"self":[{"href":"https:\/\/casaraoimoveis.com.br\/blog\/wp-json\/wp\/v2\/posts\/5852","targetHints":{"allow":["GET"]}}],"collection":[{"href":"https:\/\/casaraoimoveis.com.br\/blog\/wp-json\/wp\/v2\/posts"}],"about":[{"href":"https:\/\/casaraoimoveis.com.br\/blog\/wp-json\/wp\/v2\/types\/post"}],"author":[{"embeddable":true,"href":"https:\/\/casaraoimoveis.com.br\/blog\/wp-json\/wp\/v2\/users\/1"}],"replies":[{"embeddable":true,"href":"https:\/\/casaraoimoveis.com.br\/blog\/wp-json\/wp\/v2\/comments?post=5852"}],"version-history":[{"count":4,"href":"https:\/\/casaraoimoveis.com.br\/blog\/wp-json\/wp\/v2\/posts\/5852\/revisions"}],"predecessor-version":[{"id":5861,"href":"https:\/\/casaraoimoveis.com.br\/blog\/wp-json\/wp\/v2\/posts\/5852\/revisions\/5861"}],"wp:featuredmedia":[{"embeddable":true,"href":"https:\/\/casaraoimoveis.com.br\/blog\/wp-json\/wp\/v2\/media\/5859"}],"wp:attachment":[{"href":"https:\/\/casaraoimoveis.com.br\/blog\/wp-json\/wp\/v2\/media?parent=5852"}],"wp:term":[{"taxonomy":"category","embeddable":true,"href":"https:\/\/casaraoimoveis.com.br\/blog\/wp-json\/wp\/v2\/categories?post=5852"},{"taxonomy":"post_tag","embeddable":true,"href":"https:\/\/casaraoimoveis.com.br\/blog\/wp-json\/wp\/v2\/tags?post=5852"}],"curies":[{"name":"wp","href":"https:\/\/api.w.org\/{rel}","templated":true}]}}