{"id":4144,"date":"2022-03-22T17:40:00","date_gmt":"2022-03-22T17:40:00","guid":{"rendered":"https:\/\/casaraoimoveis.com.br\/blog\/?p=4144"},"modified":"2025-09-25T16:00:14","modified_gmt":"2025-09-25T19:00:14","slug":"cafe-em-pelotas-20-cafeterias-que-voce-precisa-conhecer","status":"publish","type":"post","link":"https:\/\/casaraoimoveis.com.br\/blog\/cafe-em-pelotas-20-cafeterias-que-voce-precisa-conhecer\/","title":{"rendered":"Caf\u00e9 em Pelotas: 15 cafeterias que voc\u00ea precisa conhecer"},"content":{"rendered":"\n<p>Se voc\u00ea tamb\u00e9m \u00e9 apaixonado por este patrim\u00f4nio nacional, fique sabendo que n\u00e3o faltam op\u00e7\u00f5es de \u00f3timos <strong>caf\u00e9s em Pelotas<\/strong>.<\/p>\n\n\n\n<p>Os caf\u00e9s, ou cafeterias, s\u00e3o ambientes aconchegantes que convidam qualquer um que passa para sentar, dar um pause na correria do dia e sorver uma das bebidas mais amadas do planeta.<\/p>\n\n\n\n<p>Tanto faz se voc\u00ea prefere o caf\u00e9 passado, expresso, latte, pingado, carioca, capuccino, mocaccino, afogatto, cold brew\u2026 O fato \u00e9 que h\u00e1 cafeterias em Pelotas <strong>para todos os gostos<\/strong>, de modo que voc\u00ea sempre vai encontrar um lugar para o cafezinho no intervalo do trabalho ou antes da aula.<\/p>\n\n\n\n<p>Voc\u00ea pode aproveitar o ambiente sossegado para ler um bom livro, estudar, bater um papo ou at\u00e9 trabalhar, variando o lugar do home office. E ainda pode combinar o caf\u00e9 com um peda\u00e7o de torta ou outras del\u00edcias que as cafeterias costumam servir.<\/p>\n\n\n\n<p>Ah, e se voc\u00ea n\u00e3o \u00e9 t\u00e3o f\u00e3 assim do caf\u00e9, n\u00e3o tem problema: as cafeterias costumam ter op\u00e7\u00f5es de sucos, refris, cervejas, drinks, ch\u00e1s, chocolate quente\u2026 Realmente, s\u00e3o lugares para todos os p\u00fablicos!<\/p>\n\n\n\n<p>J\u00e1 ficou claro que n\u00f3s, da Casar\u00e3o, somos apaixonados pelas cafeterias de Pelotas, n\u00e9? Ent\u00e3o, vamos \u00e0s nossas dicas!<\/p>\n\n\n\n<h2 class=\"wp-block-heading\">15 caf\u00e9s para conhecer em Pelotas<\/h2>\n\n\n\n<h3 class=\"wp-block-heading\">Caf\u00e9 Aqu\u00e1rios<\/h3>\n\n\n\n<p>N\u00e3o pod\u00edamos come\u00e7ar a lista com outra cafeteria que n\u00e3o o Caf\u00e9 Aqu\u00e1rios. Um cl\u00e1ssico que desde 1970 \u00e9 um dos principais pontos de encontro do Centro de Pelotas.<\/p>\n\n\n\n<p><em>Rua Quinze de Novembro, 602, Centro<\/em><\/p>\n\n\n\n<p><em>Hor\u00e1rio: de segunda a s\u00e1bado, das 7h \u00e0s 20h30<\/em><\/p>\n\n\n\n<p><a href=\"https:\/\/www.instagram.com\/cafeaquarios\/\" target=\"_blank\" rel=\"noreferrer noopener\">Instagram<\/a><\/p>\n\n\n\n<h3 class=\"wp-block-heading\">C\u00farcuma 1393<\/h3>\n\n\n\n<p>Que tal tomar um caf\u00e9 em meio a belas plantas e quem sabe at\u00e9 levar uma pra casa? O C\u00farcuma 1393 \u00e9, al\u00e9m de cafeteria, uma linda floricultura!<\/p>\n\n\n\n<p><em>Rua Volunt\u00e1rios da P\u00e1tria, 1393, Centro<\/em><\/p>\n\n\n\n<p><em>Hor\u00e1rio: de segunda a quarta, das 11h \u00e0s 19h; quintas e sextas, das 11h \u00e0s 20h; s\u00e1bados, das 12h \u00e0s 19h<\/em><\/p>\n\n\n\n<p><a href=\"https:\/\/www.instagram.com\/curcuma1393\/\">Instagram<\/a><\/p>\n\n\n\n<h3 class=\"wp-block-heading\">Orion Caf\u00e9 &amp; Cozinha<\/h3>\n\n\n\n<p>Al\u00e9m do bom e velho caf\u00e9, essa cafeteria tem um card\u00e1pio incr\u00edvel com brunch e almo\u00e7o.<\/p>\n\n\n\n<p><em>Rua Padre Anchieta, 2139, Centro<\/em><\/p>\n\n\n\n<p><em>Hor\u00e1rio: de segunda a sexta, das 9h30 \u00e0s 18h; s\u00e1bados, das 10h \u00e0s 15h<\/em><\/p>\n\n\n\n<p><a href=\"https:\/\/casaraoimoveis.com.br\/blog\/orioncafecozinha\">Instagram<\/a><\/p>\n\n\n\n<h3 class=\"wp-block-heading\">Meio<\/h3>\n\n\n\n<p>Meio caf\u00e9, meio bistr\u00f4, essa elegante cafeteria serve sandu\u00edches, bowls e batidas, e tem deliciosas op\u00e7\u00f5es de pratos para almo\u00e7o.<\/p>\n\n\n\n<p><em>Casa Una, Passeio Um, Parque Una<\/em><\/p>\n\n\n\n<p><em>Hor\u00e1rio: todos os dias, das 8h \u00e0s 20h<\/em><\/p>\n\n\n\n<p><a href=\"https:\/\/www.instagram.com\/_meiocafe\/\">Instagram<\/a><\/p>\n\n\n\n<h3 class=\"wp-block-heading\">Versa<\/h3>\n\n\n\n<p>O Versa Caf\u00e9 tem um ambiente moderno e criativo e \u00e9 especialista nos deliciosos caf\u00e9s gelados, dispon\u00edveis em v\u00e1rios sabores.<\/p>\n\n\n\n<p><em>Rua General Neto, 782, Centro<\/em><\/p>\n\n\n\n<p><em>Hor\u00e1rio: de segunda a s\u00e1bado, das 8h \u00e0s 20h<\/em><\/p>\n\n\n\n<p><a href=\"https:\/\/www.instagram.com\/versacafe_\/\">Instagram<\/a><\/p>\n\n\n\n<h3 class=\"wp-block-heading\">Leve<\/h3>\n\n\n\n<p>O nome j\u00e1 diz tudo: o Leve Caf\u00e9 \u00e9 um ambiente que transmite leveza, onde o bom atendimento \u00e9 prioridade. E serviu de cen\u00e1rio para a nossa <a href=\"https:\/\/casaraoimoveis.com.br\/blog\/cafe-com-a-casarao-entrevista-com-renato-goulart-da-pleno\/\">entrevista com Renato Goulart<\/a>, da Pleno Empreendimentos.<\/p>\n\n\n\n<p><em>Rua Padre Anchieta, 2031, Centro<\/em><\/p>\n\n\n\n<p><em>Hor\u00e1rio: de segunda a sexta, das 8h \u00e0s 18h; s\u00e1bados, das 8h30 \u00e0s 12h e das 14h \u00e0s 17h<\/em><\/p>\n\n\n\n<p><a href=\"https:\/\/www.instagram.com\/leve.cafe\/\">Instagram<\/a><\/p>\n\n\n\n<h3 class=\"wp-block-heading\">D\u00eda de Caf\u00e9<\/h3>\n\n\n\n<p>Pelo slogan &#8220;caf\u00e9s especiais para rotinas agitadas!&#8221; e o letreiro &#8220;os dispostos se atraem&#8221; que encontramos no local, notamos que \u00e9 a cafeteria perfeita para encaixar em um dia corrido.<\/p>\n\n\n\n<p><em>Rua F\u00e9lix Xavier da Cunha, 607, Centro<\/em><\/p>\n\n\n\n<p><em>Hor\u00e1rio: de segunda a sexta, das 8h \u00e0s 20h; s\u00e1bados e domingos, das 15h \u00e0s 20h<\/em><\/p>\n\n\n\n<p><a href=\"https:\/\/www.instagram.com\/diade.cafe\/\">Instagram<\/a><\/p>\n\n\n\n<h3 class=\"wp-block-heading\">Florica<\/h3>\n\n\n\n<p>Mais uma cafeteria que tamb\u00e9m \u00e9 floricultura (Florica = Flor e Caf\u00e9), para quem ama caf\u00e9s e plantas na mesma medida. O local tamb\u00e9m recebe apresenta\u00e7\u00f5es de m\u00fasica ao vivo.<\/p>\n\n\n\n<p>Avenida Ferreira Viana, 44, Areal<\/p>\n\n\n\n<p><em>Hor\u00e1rio: domingos e segundas, das 14h \u00e0s 20h; ter\u00e7as e quartas, das 10h \u00e0s 20h; quinta a s\u00e1bado, das 10h \u00e0s 22h<\/em><\/p>\n\n\n\n<p><a href=\"https:\/\/www.instagram.com\/floricaflorecafe\/\">Instagram<\/a><\/p>\n\n\n\n<p><\/p>\n\n\n\n<h3 class=\"wp-block-heading\">Caf\u00e9 da Krause<\/h3>\n\n\n\n<p>Esta elegante cafeteria fica na Loja Krause e oferece um card\u00e1pio bem completo de bebidas e comidas \u2014 incluindo op\u00e7\u00f5es veganas e sem gl\u00faten.<\/p>\n\n\n\n<p><em>Avenida Domingos de Almeida, 1551, Quiosque 1, Areal<\/em><\/p>\n\n\n\n<p><em>Hor\u00e1rio: segunda a s\u00e1bado, das 10h30 \u00e0s 19h15<\/em><\/p>\n\n\n\n<p><a href=\"https:\/\/www.instagram.com\/lojakrause\/\">Instagram<\/a><\/p>\n\n\n\n<h3 class=\"wp-block-heading\">Alecrim<\/h3>\n\n\n\n<p>Al\u00e9m de tomar um cafezinho, experimente os p\u00e3es artesanais de longa fermenta\u00e7\u00e3o da Alecrim, e tamb\u00e9m suas del\u00edcias veganas. Em breve, a padaria abrir\u00e1 uma segunda loja, no Parque Una.<\/p>\n\n\n\n<p><em>Avenida Domingos de Almeida, 1517, Areal<\/em><\/p>\n\n\n\n<p><em>Hor\u00e1rio: de segunda a s\u00e1bado, das 7h30 \u00e0s 19h30<\/em><\/p>\n\n\n\n<p><a href=\"https:\/\/www.instagram.com\/alecrimpadaria\/\">Instagram<\/a><\/p>\n\n\n\n<p><\/p>\n\n\n\n<h3 class=\"wp-block-heading\">Caf\u00e9 da Floris<\/h3>\n\n\n\n<p>Tome um caf\u00e9, passeie na Floricultura Armaz\u00e9m das Plantas, fa\u00e7a um lanche gostoso e d\u00ea carinho ao gato do local. O Caf\u00e9 da Floris ainda \u00e9 um mercadinho para comprar o que est\u00e1 faltando na sua casa.<\/p>\n\n\n\n<p><em>Avenida Adolfo Fetter, 1072, Laranjal<\/em><\/p>\n\n\n\n<p><em>Hor\u00e1rio: de segunda a sexta, das 13h \u00e0s 20h; s\u00e1bados, das 10h \u00e0s 20h<\/em><\/p>\n\n\n\n<p><a href=\"https:\/\/www.instagram.com\/cafedafloris\/\" target=\"_blank\" rel=\"noreferrer noopener\">Instagram<\/a><\/p>\n\n\n\n<h3 class=\"wp-block-heading\">Bella Gulla<\/h3>\n\n\n\n<p>Maior rede de tortaria e caf\u00e9 do sul do Brasil, a Bella Gula tem uma loja no Shopping Pelotas para voc\u00ea repor as energias depois de fazer suas compras.<\/p>\n\n\n\n<p><em>Avenida Ferreira Viana, 1526 (Shopping Pelotas)<\/em><\/p>\n\n\n\n<p><em>Hor\u00e1rio: segunda a s\u00e1bado, das 11h \u00e0s 19h<\/em><\/p>\n\n\n\n<p><a href=\"https:\/\/www.instagram.com\/bellagulapelotas\/\">Instagram<\/a><\/p>\n\n\n\n<p><\/p>\n\n\n\n<p><a href=\"https:\/\/casaraoimoveis.com.br\/blog\/maisamorparqueuna\">Instagram<\/a><\/p>\n\n\n\n<h3 class=\"wp-block-heading\">Black Lab Coffee<\/h3>\n\n\n\n<p>Nas duas unidades do Black Lab Coffee voc\u00ea encontra doces e salgados, mas a especialidade s\u00e3o as v\u00e1rias op\u00e7\u00f5es de gr\u00e3os especiais e m\u00e9todos de extra\u00e7\u00e3o.<\/p>\n\n\n\n<p><em>Avenida Ferreira Viana, 1526 (Shopping Pelotas), Areal<\/em><\/p>\n\n\n\n<p><em>Hor\u00e1rio: segunda a domingo, das 10h \u00e0s 22h<\/em><\/p>\n\n\n\n<p><em>Rua Albino Brod, 101, (Complexo Itamarati) Tr\u00eas Vendas<\/em><\/p>\n\n\n\n<p><em>Hor\u00e1rio: segunda a sexta, das 7h30 \u00e0s 18h; s\u00e1bados, das 7h30 \u00e0s 16h30<\/em><\/p>\n\n\n\n<p><a href=\"https:\/\/www.instagram.com\/blacklab.coffee\/?hl=pt-br\">Instagram<\/a><\/p>\n\n\n\n<h2 class=\"wp-block-heading\">Padaria Avenida<\/h2>\n\n\n\n<p>Para que deseja um caf\u00e9 com recheada (ou o misto quente) e gosta de padaria com receitas cl\u00e1ssicas, visite a Padaria Avenida.<\/p>\n\n\n\n<p><em>Rua Andrade Neves, 2610 (esquina Av. Bento Gon\u00e7alves)<\/em><\/p>\n\n\n\n<p>Hor\u00e1rio: segunda a s\u00e1bado, das 7h \u00e0s 20h30 <\/p>\n\n\n\n<p><a href=\"https:\/\/www.instagram.com\/padariaavenidapelotas\/\">Instagram<\/a><\/p>\n\n\n\n<h2 class=\"wp-block-heading\">#Meus20minutinhos &#8211; pausa, caf\u00e9 e poesia<\/h2>\n\n\n\n<figure class=\"wp-block-image size-large is-resized\"><a href=\"https:\/\/casaraoimoveis.com.br\/blog\/wp-content\/uploads\/2022\/03\/2025_09_16_Caf__Meus_20_Minutinhos_151-scaled.jpg\"><img loading=\"lazy\" decoding=\"async\" width=\"1024\" height=\"683\" src=\"https:\/\/casaraoimoveis.com.br\/blog\/wp-content\/uploads\/2022\/03\/2025_09_16_Caf__Meus_20_Minutinhos_151-1024x683.jpg\" alt=\"\" class=\"wp-image-6349\" style=\"width:502px;height:auto\" srcset=\"https:\/\/casaraoimoveis.com.br\/blog\/wp-content\/uploads\/2022\/03\/2025_09_16_Caf__Meus_20_Minutinhos_151-1024x683.jpg 1024w, https:\/\/casaraoimoveis.com.br\/blog\/wp-content\/uploads\/2022\/03\/2025_09_16_Caf__Meus_20_Minutinhos_151-300x200.jpg 300w, https:\/\/casaraoimoveis.com.br\/blog\/wp-content\/uploads\/2022\/03\/2025_09_16_Caf__Meus_20_Minutinhos_151-768x512.jpg 768w, https:\/\/casaraoimoveis.com.br\/blog\/wp-content\/uploads\/2022\/03\/2025_09_16_Caf__Meus_20_Minutinhos_151-1536x1024.jpg 1536w, https:\/\/casaraoimoveis.com.br\/blog\/wp-content\/uploads\/2022\/03\/2025_09_16_Caf__Meus_20_Minutinhos_151-2048x1365.jpg 2048w\" sizes=\"auto, (max-width: 1024px) 100vw, 1024px\" \/><\/a><\/figure>\n\n\n\n<p>Por fim, o melhor caf\u00e9 de todos! O #Meus20minutinhos est\u00e1 localizado na sede da Casar\u00e3o Im\u00f3veis, na rua F\u00e9lix da Cunha, 654.<\/p>\n\n\n\n<p>Um espa\u00e7o com jeitinho de casa de v\u00f4, em meio \u00e0 arquitetura contempor\u00e2nea da imobili\u00e1ria, um charme s\u00f3! Esse caf\u00e9 tamb\u00e9m \u00e9 uma curadoria de sabores, objetos e livros. <\/p>\n\n\n\n<p><em>F\u00e9lix da Cunha, 654<\/em><\/p>\n\n\n\n<p><em>Hor\u00e1rio: segunda a sexta, das 10h \u00e0s 10h &#8211; 13h \u00e0s 18h<\/em><\/p>\n\n\n\n<p>E voc\u00ea? J\u00e1 frequenta assiduamente os caf\u00e9s de Pelotas? Esquecemos algum nessa lista? Deixe um coment\u00e1rio com as suas dicas!<\/p>\n\n\n\n<p>Leia mais sobre o caf\u00e9 <a href=\"https:\/\/casaraoimoveis.com.br\/blog\/um-cafe-em-pelotas-para-dar-vida-ao-tempo-conheca-o-meus20minutinhos-na-casarao\/\">aqui.<\/a> <\/p>\n\n\n\n<p><a href=\"https:\/\/www.instagram.com\/meus20minutinhos\/\">Instagram <\/a><\/p>\n","protected":false},"excerpt":{"rendered":"<p>N\u00e3o faltam \u00f3timas op\u00e7\u00f5es de cafeterias em Pelotas, seja para quem quer sentar e ler um livro, seja para pegar um caf\u00e9 para levar no meio da correria do dia.<\/p>\n","protected":false},"author":6,"featured_media":4145,"comment_status":"open","ping_status":"open","sticky":true,"template":"","format":"standard","meta":{"footnotes":""},"categories":[117,87],"tags":[611,609,613,612],"class_list":{"0":"post-4144","1":"post","2":"type-post","3":"status-publish","4":"format-standard","5":"has-post-thumbnail","7":"category-acontece-na-casarao","8":"category-estudantes","9":"tag-cafe-em-pelotas","10":"tag-cafeteria-em-pelotas","11":"tag-dicas-cafe-pelotas","12":"tag-dicas-de-onde-ir-pelotas","13":"czr-hentry"},"yoast_head":"<!-- This site is optimized with the Yoast SEO plugin v27.4 - https:\/\/yoast.com\/product\/yoast-seo-wordpress\/ -->\n<title>Caf\u00e9 em Pelotas: 15 cafeterias que voc\u00ea precisa conhecer - Blog da Casar\u00e3o<\/title>\n<meta name=\"description\" content=\"N\u00e3o faltam \u00f3timas op\u00e7\u00f5es de cafeterias em Pelotas, seja para quem quer sentar e ler um livro, seja para pegar um caf\u00e9 para levar no meio da correria do dia.\" \/>\n<meta name=\"robots\" content=\"index, follow, max-snippet:-1, max-image-preview:large, max-video-preview:-1\" \/>\n<link rel=\"canonical\" href=\"https:\/\/casaraoimoveis.com.br\/blog\/cafe-em-pelotas-20-cafeterias-que-voce-precisa-conhecer\/\" \/>\n<meta property=\"og:locale\" content=\"pt_BR\" \/>\n<meta property=\"og:type\" content=\"article\" \/>\n<meta property=\"og:title\" content=\"Caf\u00e9 em Pelotas: 15 cafeterias que voc\u00ea precisa conhecer - Blog da Casar\u00e3o\" \/>\n<meta property=\"og:description\" content=\"N\u00e3o faltam \u00f3timas op\u00e7\u00f5es de cafeterias em Pelotas, seja para quem quer sentar e ler um livro, seja para pegar um caf\u00e9 para levar no meio da correria do dia.\" \/>\n<meta property=\"og:url\" content=\"https:\/\/casaraoimoveis.com.br\/blog\/cafe-em-pelotas-20-cafeterias-que-voce-precisa-conhecer\/\" \/>\n<meta property=\"og:site_name\" content=\"Blog da Casar\u00e3o\" \/>\n<meta property=\"article:publisher\" content=\"https:\/\/www.facebook.com\/CasaraoImoveis\/\" \/>\n<meta property=\"article:published_time\" content=\"2022-03-22T17:40:00+00:00\" \/>\n<meta property=\"article:modified_time\" content=\"2025-09-25T19:00:14+00:00\" \/>\n<meta property=\"og:image\" content=\"https:\/\/casaraoimoveis.com.br\/blog\/wp-content\/uploads\/2022\/03\/Cafe-em-Pelotas-20-cafeterias-que-voce-precisa-conhecer-Casarao-Imoveis-cafe-em-pelotas-cafeteria-em-pelotas.png\" \/>\n\t<meta property=\"og:image:width\" content=\"1200\" \/>\n\t<meta property=\"og:image:height\" content=\"675\" \/>\n\t<meta property=\"og:image:type\" content=\"image\/png\" \/>\n<meta name=\"author\" content=\"Marketing Casar\u00e3o\" \/>\n<meta name=\"twitter:card\" content=\"summary_large_image\" \/>\n<meta name=\"twitter:creator\" content=\"@casaraoimoveis\" \/>\n<meta name=\"twitter:site\" content=\"@casaraoimoveis\" \/>\n<meta name=\"twitter:label1\" content=\"Escrito por\" \/>\n\t<meta name=\"twitter:data1\" content=\"Marketing Casar\u00e3o\" \/>\n\t<meta name=\"twitter:label2\" content=\"Est. tempo de leitura\" \/>\n\t<meta name=\"twitter:data2\" content=\"6 minutos\" \/>\n<script type=\"application\/ld+json\" class=\"yoast-schema-graph\">{\"@context\":\"https:\\\/\\\/schema.org\",\"@graph\":[{\"@type\":\"Article\",\"@id\":\"https:\\\/\\\/casaraoimoveis.com.br\\\/blog\\\/cafe-em-pelotas-20-cafeterias-que-voce-precisa-conhecer\\\/#article\",\"isPartOf\":{\"@id\":\"https:\\\/\\\/casaraoimoveis.com.br\\\/blog\\\/cafe-em-pelotas-20-cafeterias-que-voce-precisa-conhecer\\\/\"},\"author\":{\"name\":\"Marketing Casar\u00e3o\",\"@id\":\"https:\\\/\\\/casaraoimoveis.com.br\\\/blog\\\/#\\\/schema\\\/person\\\/2534db74779d8a964faa9a0c48034be9\"},\"headline\":\"Caf\u00e9 em Pelotas: 15 cafeterias que voc\u00ea precisa conhecer\",\"datePublished\":\"2022-03-22T17:40:00+00:00\",\"dateModified\":\"2025-09-25T19:00:14+00:00\",\"mainEntityOfPage\":{\"@id\":\"https:\\\/\\\/casaraoimoveis.com.br\\\/blog\\\/cafe-em-pelotas-20-cafeterias-que-voce-precisa-conhecer\\\/\"},\"wordCount\":1084,\"commentCount\":1,\"publisher\":{\"@id\":\"https:\\\/\\\/casaraoimoveis.com.br\\\/blog\\\/#organization\"},\"image\":{\"@id\":\"https:\\\/\\\/casaraoimoveis.com.br\\\/blog\\\/cafe-em-pelotas-20-cafeterias-que-voce-precisa-conhecer\\\/#primaryimage\"},\"thumbnailUrl\":\"https:\\\/\\\/casaraoimoveis.com.br\\\/blog\\\/wp-content\\\/uploads\\\/2022\\\/03\\\/Cafe-em-Pelotas-20-cafeterias-que-voce-precisa-conhecer-Casarao-Imoveis-cafe-em-pelotas-cafeteria-em-pelotas.png\",\"keywords\":[\"caf\u00e9 em pelotas\",\"cafeteria em pelotas\",\"dicas caf\u00e9 pelotas\",\"dicas de onde ir pelotas\"],\"articleSection\":[\"Acontece na Casar\u00e3o\",\"Estudantes\"],\"inLanguage\":\"pt-BR\",\"potentialAction\":[{\"@type\":\"CommentAction\",\"name\":\"Comment\",\"target\":[\"https:\\\/\\\/casaraoimoveis.com.br\\\/blog\\\/cafe-em-pelotas-20-cafeterias-que-voce-precisa-conhecer\\\/#respond\"]}]},{\"@type\":\"WebPage\",\"@id\":\"https:\\\/\\\/casaraoimoveis.com.br\\\/blog\\\/cafe-em-pelotas-20-cafeterias-que-voce-precisa-conhecer\\\/\",\"url\":\"https:\\\/\\\/casaraoimoveis.com.br\\\/blog\\\/cafe-em-pelotas-20-cafeterias-que-voce-precisa-conhecer\\\/\",\"name\":\"Caf\u00e9 em Pelotas: 15 cafeterias que voc\u00ea precisa conhecer - Blog da Casar\u00e3o\",\"isPartOf\":{\"@id\":\"https:\\\/\\\/casaraoimoveis.com.br\\\/blog\\\/#website\"},\"primaryImageOfPage\":{\"@id\":\"https:\\\/\\\/casaraoimoveis.com.br\\\/blog\\\/cafe-em-pelotas-20-cafeterias-que-voce-precisa-conhecer\\\/#primaryimage\"},\"image\":{\"@id\":\"https:\\\/\\\/casaraoimoveis.com.br\\\/blog\\\/cafe-em-pelotas-20-cafeterias-que-voce-precisa-conhecer\\\/#primaryimage\"},\"thumbnailUrl\":\"https:\\\/\\\/casaraoimoveis.com.br\\\/blog\\\/wp-content\\\/uploads\\\/2022\\\/03\\\/Cafe-em-Pelotas-20-cafeterias-que-voce-precisa-conhecer-Casarao-Imoveis-cafe-em-pelotas-cafeteria-em-pelotas.png\",\"datePublished\":\"2022-03-22T17:40:00+00:00\",\"dateModified\":\"2025-09-25T19:00:14+00:00\",\"description\":\"N\u00e3o faltam \u00f3timas op\u00e7\u00f5es de cafeterias em Pelotas, seja para quem quer sentar e ler um livro, seja para pegar um caf\u00e9 para levar no meio da correria do dia.\",\"breadcrumb\":{\"@id\":\"https:\\\/\\\/casaraoimoveis.com.br\\\/blog\\\/cafe-em-pelotas-20-cafeterias-que-voce-precisa-conhecer\\\/#breadcrumb\"},\"inLanguage\":\"pt-BR\",\"potentialAction\":[{\"@type\":\"ReadAction\",\"target\":[\"https:\\\/\\\/casaraoimoveis.com.br\\\/blog\\\/cafe-em-pelotas-20-cafeterias-que-voce-precisa-conhecer\\\/\"]}]},{\"@type\":\"ImageObject\",\"inLanguage\":\"pt-BR\",\"@id\":\"https:\\\/\\\/casaraoimoveis.com.br\\\/blog\\\/cafe-em-pelotas-20-cafeterias-que-voce-precisa-conhecer\\\/#primaryimage\",\"url\":\"https:\\\/\\\/casaraoimoveis.com.br\\\/blog\\\/wp-content\\\/uploads\\\/2022\\\/03\\\/Cafe-em-Pelotas-20-cafeterias-que-voce-precisa-conhecer-Casarao-Imoveis-cafe-em-pelotas-cafeteria-em-pelotas.png\",\"contentUrl\":\"https:\\\/\\\/casaraoimoveis.com.br\\\/blog\\\/wp-content\\\/uploads\\\/2022\\\/03\\\/Cafe-em-Pelotas-20-cafeterias-que-voce-precisa-conhecer-Casarao-Imoveis-cafe-em-pelotas-cafeteria-em-pelotas.png\",\"width\":1200,\"height\":675,\"caption\":\"N\u00e3o faltam \u00f3timas op\u00e7\u00f5es de cafeterias em Pelotas, seja para quem quer sentar e ler um livro, seja para pegar um caf\u00e9 para levar no meio da correria do dia.\"},{\"@type\":\"BreadcrumbList\",\"@id\":\"https:\\\/\\\/casaraoimoveis.com.br\\\/blog\\\/cafe-em-pelotas-20-cafeterias-que-voce-precisa-conhecer\\\/#breadcrumb\",\"itemListElement\":[{\"@type\":\"ListItem\",\"position\":1,\"name\":\"In\u00edcio\",\"item\":\"https:\\\/\\\/casaraoimoveis.com.br\\\/blog\\\/\"},{\"@type\":\"ListItem\",\"position\":2,\"name\":\"Caf\u00e9 em Pelotas: 15 cafeterias que voc\u00ea precisa conhecer\"}]},{\"@type\":\"WebSite\",\"@id\":\"https:\\\/\\\/casaraoimoveis.com.br\\\/blog\\\/#website\",\"url\":\"https:\\\/\\\/casaraoimoveis.com.br\\\/blog\\\/\",\"name\":\"Blog da Casar\u00e3o\",\"description\":\"Aqui tem um lugar pra voc\u00ea\",\"publisher\":{\"@id\":\"https:\\\/\\\/casaraoimoveis.com.br\\\/blog\\\/#organization\"},\"potentialAction\":[{\"@type\":\"SearchAction\",\"target\":{\"@type\":\"EntryPoint\",\"urlTemplate\":\"https:\\\/\\\/casaraoimoveis.com.br\\\/blog\\\/?s={search_term_string}\"},\"query-input\":{\"@type\":\"PropertyValueSpecification\",\"valueRequired\":true,\"valueName\":\"search_term_string\"}}],\"inLanguage\":\"pt-BR\"},{\"@type\":\"Organization\",\"@id\":\"https:\\\/\\\/casaraoimoveis.com.br\\\/blog\\\/#organization\",\"name\":\"Casar\u00e3o Im\u00f3veis\",\"url\":\"https:\\\/\\\/casaraoimoveis.com.br\\\/blog\\\/\",\"logo\":{\"@type\":\"ImageObject\",\"inLanguage\":\"pt-BR\",\"@id\":\"https:\\\/\\\/casaraoimoveis.com.br\\\/blog\\\/#\\\/schema\\\/logo\\\/image\\\/\",\"url\":\"https:\\\/\\\/casaraoimoveis.com.br\\\/blog\\\/wp-content\\\/uploads\\\/2023\\\/11\\\/cropped-marca_horizontal_.png\",\"contentUrl\":\"https:\\\/\\\/casaraoimoveis.com.br\\\/blog\\\/wp-content\\\/uploads\\\/2023\\\/11\\\/cropped-marca_horizontal_.png\",\"width\":678,\"height\":136,\"caption\":\"Casar\u00e3o Im\u00f3veis\"},\"image\":{\"@id\":\"https:\\\/\\\/casaraoimoveis.com.br\\\/blog\\\/#\\\/schema\\\/logo\\\/image\\\/\"},\"sameAs\":[\"https:\\\/\\\/www.facebook.com\\\/CasaraoImoveis\\\/\",\"https:\\\/\\\/x.com\\\/casaraoimoveis\",\"https:\\\/\\\/www.instagram.com\\\/casarao_imoveis\\\/\",\"https:\\\/\\\/www.linkedin.com\\\/company\\\/casar\u00e3o-im\u00f3veis\",\"https:\\\/\\\/www.youtube.com\\\/channel\\\/UCTAp0eq_KdwHwO46z4te6Cg\"]},{\"@type\":\"Person\",\"@id\":\"https:\\\/\\\/casaraoimoveis.com.br\\\/blog\\\/#\\\/schema\\\/person\\\/2534db74779d8a964faa9a0c48034be9\",\"name\":\"Marketing Casar\u00e3o\",\"image\":{\"@type\":\"ImageObject\",\"inLanguage\":\"pt-BR\",\"@id\":\"https:\\\/\\\/secure.gravatar.com\\\/avatar\\\/f4bdc26f96b00fca29787d7ccf30f163cdf3f5da541e317aced1fddb1a88aff6?s=96&d=mm&r=g\",\"url\":\"https:\\\/\\\/secure.gravatar.com\\\/avatar\\\/f4bdc26f96b00fca29787d7ccf30f163cdf3f5da541e317aced1fddb1a88aff6?s=96&d=mm&r=g\",\"contentUrl\":\"https:\\\/\\\/secure.gravatar.com\\\/avatar\\\/f4bdc26f96b00fca29787d7ccf30f163cdf3f5da541e317aced1fddb1a88aff6?s=96&d=mm&r=g\",\"caption\":\"Marketing Casar\u00e3o\"},\"sameAs\":[\"http:\\\/\\\/www.incomum.in\"],\"url\":\"https:\\\/\\\/casaraoimoveis.com.br\\\/blog\\\/author\\\/anabachiega\\\/\"}]}<\/script>\n<!-- \/ Yoast SEO plugin. -->","yoast_head_json":{"title":"Caf\u00e9 em Pelotas: 15 cafeterias que voc\u00ea precisa conhecer - Blog da Casar\u00e3o","description":"N\u00e3o faltam \u00f3timas op\u00e7\u00f5es de cafeterias em Pelotas, seja para quem quer sentar e ler um livro, seja para pegar um caf\u00e9 para levar no meio da correria do dia.","robots":{"index":"index","follow":"follow","max-snippet":"max-snippet:-1","max-image-preview":"max-image-preview:large","max-video-preview":"max-video-preview:-1"},"canonical":"https:\/\/casaraoimoveis.com.br\/blog\/cafe-em-pelotas-20-cafeterias-que-voce-precisa-conhecer\/","og_locale":"pt_BR","og_type":"article","og_title":"Caf\u00e9 em Pelotas: 15 cafeterias que voc\u00ea precisa conhecer - Blog da Casar\u00e3o","og_description":"N\u00e3o faltam \u00f3timas op\u00e7\u00f5es de cafeterias em Pelotas, seja para quem quer sentar e ler um livro, seja para pegar um caf\u00e9 para levar no meio da correria do dia.","og_url":"https:\/\/casaraoimoveis.com.br\/blog\/cafe-em-pelotas-20-cafeterias-que-voce-precisa-conhecer\/","og_site_name":"Blog da Casar\u00e3o","article_publisher":"https:\/\/www.facebook.com\/CasaraoImoveis\/","article_published_time":"2022-03-22T17:40:00+00:00","article_modified_time":"2025-09-25T19:00:14+00:00","og_image":[{"width":1200,"height":675,"url":"https:\/\/casaraoimoveis.com.br\/blog\/wp-content\/uploads\/2022\/03\/Cafe-em-Pelotas-20-cafeterias-que-voce-precisa-conhecer-Casarao-Imoveis-cafe-em-pelotas-cafeteria-em-pelotas.png","type":"image\/png"}],"author":"Marketing Casar\u00e3o","twitter_card":"summary_large_image","twitter_creator":"@casaraoimoveis","twitter_site":"@casaraoimoveis","twitter_misc":{"Escrito por":"Marketing Casar\u00e3o","Est. tempo de leitura":"6 minutos"},"schema":{"@context":"https:\/\/schema.org","@graph":[{"@type":"Article","@id":"https:\/\/casaraoimoveis.com.br\/blog\/cafe-em-pelotas-20-cafeterias-que-voce-precisa-conhecer\/#article","isPartOf":{"@id":"https:\/\/casaraoimoveis.com.br\/blog\/cafe-em-pelotas-20-cafeterias-que-voce-precisa-conhecer\/"},"author":{"name":"Marketing Casar\u00e3o","@id":"https:\/\/casaraoimoveis.com.br\/blog\/#\/schema\/person\/2534db74779d8a964faa9a0c48034be9"},"headline":"Caf\u00e9 em Pelotas: 15 cafeterias que voc\u00ea precisa conhecer","datePublished":"2022-03-22T17:40:00+00:00","dateModified":"2025-09-25T19:00:14+00:00","mainEntityOfPage":{"@id":"https:\/\/casaraoimoveis.com.br\/blog\/cafe-em-pelotas-20-cafeterias-que-voce-precisa-conhecer\/"},"wordCount":1084,"commentCount":1,"publisher":{"@id":"https:\/\/casaraoimoveis.com.br\/blog\/#organization"},"image":{"@id":"https:\/\/casaraoimoveis.com.br\/blog\/cafe-em-pelotas-20-cafeterias-que-voce-precisa-conhecer\/#primaryimage"},"thumbnailUrl":"https:\/\/casaraoimoveis.com.br\/blog\/wp-content\/uploads\/2022\/03\/Cafe-em-Pelotas-20-cafeterias-que-voce-precisa-conhecer-Casarao-Imoveis-cafe-em-pelotas-cafeteria-em-pelotas.png","keywords":["caf\u00e9 em pelotas","cafeteria em pelotas","dicas caf\u00e9 pelotas","dicas de onde ir pelotas"],"articleSection":["Acontece na Casar\u00e3o","Estudantes"],"inLanguage":"pt-BR","potentialAction":[{"@type":"CommentAction","name":"Comment","target":["https:\/\/casaraoimoveis.com.br\/blog\/cafe-em-pelotas-20-cafeterias-que-voce-precisa-conhecer\/#respond"]}]},{"@type":"WebPage","@id":"https:\/\/casaraoimoveis.com.br\/blog\/cafe-em-pelotas-20-cafeterias-que-voce-precisa-conhecer\/","url":"https:\/\/casaraoimoveis.com.br\/blog\/cafe-em-pelotas-20-cafeterias-que-voce-precisa-conhecer\/","name":"Caf\u00e9 em Pelotas: 15 cafeterias que voc\u00ea precisa conhecer - Blog da Casar\u00e3o","isPartOf":{"@id":"https:\/\/casaraoimoveis.com.br\/blog\/#website"},"primaryImageOfPage":{"@id":"https:\/\/casaraoimoveis.com.br\/blog\/cafe-em-pelotas-20-cafeterias-que-voce-precisa-conhecer\/#primaryimage"},"image":{"@id":"https:\/\/casaraoimoveis.com.br\/blog\/cafe-em-pelotas-20-cafeterias-que-voce-precisa-conhecer\/#primaryimage"},"thumbnailUrl":"https:\/\/casaraoimoveis.com.br\/blog\/wp-content\/uploads\/2022\/03\/Cafe-em-Pelotas-20-cafeterias-que-voce-precisa-conhecer-Casarao-Imoveis-cafe-em-pelotas-cafeteria-em-pelotas.png","datePublished":"2022-03-22T17:40:00+00:00","dateModified":"2025-09-25T19:00:14+00:00","description":"N\u00e3o faltam \u00f3timas op\u00e7\u00f5es de cafeterias em Pelotas, seja para quem quer sentar e ler um livro, seja para pegar um caf\u00e9 para levar no meio da correria do dia.","breadcrumb":{"@id":"https:\/\/casaraoimoveis.com.br\/blog\/cafe-em-pelotas-20-cafeterias-que-voce-precisa-conhecer\/#breadcrumb"},"inLanguage":"pt-BR","potentialAction":[{"@type":"ReadAction","target":["https:\/\/casaraoimoveis.com.br\/blog\/cafe-em-pelotas-20-cafeterias-que-voce-precisa-conhecer\/"]}]},{"@type":"ImageObject","inLanguage":"pt-BR","@id":"https:\/\/casaraoimoveis.com.br\/blog\/cafe-em-pelotas-20-cafeterias-que-voce-precisa-conhecer\/#primaryimage","url":"https:\/\/casaraoimoveis.com.br\/blog\/wp-content\/uploads\/2022\/03\/Cafe-em-Pelotas-20-cafeterias-que-voce-precisa-conhecer-Casarao-Imoveis-cafe-em-pelotas-cafeteria-em-pelotas.png","contentUrl":"https:\/\/casaraoimoveis.com.br\/blog\/wp-content\/uploads\/2022\/03\/Cafe-em-Pelotas-20-cafeterias-que-voce-precisa-conhecer-Casarao-Imoveis-cafe-em-pelotas-cafeteria-em-pelotas.png","width":1200,"height":675,"caption":"N\u00e3o faltam \u00f3timas op\u00e7\u00f5es de cafeterias em Pelotas, seja para quem quer sentar e ler um livro, seja para pegar um caf\u00e9 para levar no meio da correria do dia."},{"@type":"BreadcrumbList","@id":"https:\/\/casaraoimoveis.com.br\/blog\/cafe-em-pelotas-20-cafeterias-que-voce-precisa-conhecer\/#breadcrumb","itemListElement":[{"@type":"ListItem","position":1,"name":"In\u00edcio","item":"https:\/\/casaraoimoveis.com.br\/blog\/"},{"@type":"ListItem","position":2,"name":"Caf\u00e9 em Pelotas: 15 cafeterias que voc\u00ea precisa conhecer"}]},{"@type":"WebSite","@id":"https:\/\/casaraoimoveis.com.br\/blog\/#website","url":"https:\/\/casaraoimoveis.com.br\/blog\/","name":"Blog da Casar\u00e3o","description":"Aqui tem um lugar pra voc\u00ea","publisher":{"@id":"https:\/\/casaraoimoveis.com.br\/blog\/#organization"},"potentialAction":[{"@type":"SearchAction","target":{"@type":"EntryPoint","urlTemplate":"https:\/\/casaraoimoveis.com.br\/blog\/?s={search_term_string}"},"query-input":{"@type":"PropertyValueSpecification","valueRequired":true,"valueName":"search_term_string"}}],"inLanguage":"pt-BR"},{"@type":"Organization","@id":"https:\/\/casaraoimoveis.com.br\/blog\/#organization","name":"Casar\u00e3o Im\u00f3veis","url":"https:\/\/casaraoimoveis.com.br\/blog\/","logo":{"@type":"ImageObject","inLanguage":"pt-BR","@id":"https:\/\/casaraoimoveis.com.br\/blog\/#\/schema\/logo\/image\/","url":"https:\/\/casaraoimoveis.com.br\/blog\/wp-content\/uploads\/2023\/11\/cropped-marca_horizontal_.png","contentUrl":"https:\/\/casaraoimoveis.com.br\/blog\/wp-content\/uploads\/2023\/11\/cropped-marca_horizontal_.png","width":678,"height":136,"caption":"Casar\u00e3o Im\u00f3veis"},"image":{"@id":"https:\/\/casaraoimoveis.com.br\/blog\/#\/schema\/logo\/image\/"},"sameAs":["https:\/\/www.facebook.com\/CasaraoImoveis\/","https:\/\/x.com\/casaraoimoveis","https:\/\/www.instagram.com\/casarao_imoveis\/","https:\/\/www.linkedin.com\/company\/casar\u00e3o-im\u00f3veis","https:\/\/www.youtube.com\/channel\/UCTAp0eq_KdwHwO46z4te6Cg"]},{"@type":"Person","@id":"https:\/\/casaraoimoveis.com.br\/blog\/#\/schema\/person\/2534db74779d8a964faa9a0c48034be9","name":"Marketing Casar\u00e3o","image":{"@type":"ImageObject","inLanguage":"pt-BR","@id":"https:\/\/secure.gravatar.com\/avatar\/f4bdc26f96b00fca29787d7ccf30f163cdf3f5da541e317aced1fddb1a88aff6?s=96&d=mm&r=g","url":"https:\/\/secure.gravatar.com\/avatar\/f4bdc26f96b00fca29787d7ccf30f163cdf3f5da541e317aced1fddb1a88aff6?s=96&d=mm&r=g","contentUrl":"https:\/\/secure.gravatar.com\/avatar\/f4bdc26f96b00fca29787d7ccf30f163cdf3f5da541e317aced1fddb1a88aff6?s=96&d=mm&r=g","caption":"Marketing Casar\u00e3o"},"sameAs":["http:\/\/www.incomum.in"],"url":"https:\/\/casaraoimoveis.com.br\/blog\/author\/anabachiega\/"}]}},"_links":{"self":[{"href":"https:\/\/casaraoimoveis.com.br\/blog\/wp-json\/wp\/v2\/posts\/4144","targetHints":{"allow":["GET"]}}],"collection":[{"href":"https:\/\/casaraoimoveis.com.br\/blog\/wp-json\/wp\/v2\/posts"}],"about":[{"href":"https:\/\/casaraoimoveis.com.br\/blog\/wp-json\/wp\/v2\/types\/post"}],"author":[{"embeddable":true,"href":"https:\/\/casaraoimoveis.com.br\/blog\/wp-json\/wp\/v2\/users\/6"}],"replies":[{"embeddable":true,"href":"https:\/\/casaraoimoveis.com.br\/blog\/wp-json\/wp\/v2\/comments?post=4144"}],"version-history":[{"count":25,"href":"https:\/\/casaraoimoveis.com.br\/blog\/wp-json\/wp\/v2\/posts\/4144\/revisions"}],"predecessor-version":[{"id":6351,"href":"https:\/\/casaraoimoveis.com.br\/blog\/wp-json\/wp\/v2\/posts\/4144\/revisions\/6351"}],"wp:featuredmedia":[{"embeddable":true,"href":"https:\/\/casaraoimoveis.com.br\/blog\/wp-json\/wp\/v2\/media\/4145"}],"wp:attachment":[{"href":"https:\/\/casaraoimoveis.com.br\/blog\/wp-json\/wp\/v2\/media?parent=4144"}],"wp:term":[{"taxonomy":"category","embeddable":true,"href":"https:\/\/casaraoimoveis.com.br\/blog\/wp-json\/wp\/v2\/categories?post=4144"},{"taxonomy":"post_tag","embeddable":true,"href":"https:\/\/casaraoimoveis.com.br\/blog\/wp-json\/wp\/v2\/tags?post=4144"}],"curies":[{"name":"wp","href":"https:\/\/api.w.org\/{rel}","templated":true}]}}