{"id":3963,"date":"2021-06-04T12:45:47","date_gmt":"2021-06-04T12:45:47","guid":{"rendered":"https:\/\/blog.casaraoimoveis.com.br\/?p=3963"},"modified":"2023-03-02T15:45:48","modified_gmt":"2023-03-02T18:45:48","slug":"empresa-cidada-casarao-amplia-licenca-maternidade-e-paternidade-para-colaboradores","status":"publish","type":"post","link":"https:\/\/casaraoimoveis.com.br\/blog\/empresa-cidada-casarao-amplia-licenca-maternidade-e-paternidade-para-colaboradores\/","title":{"rendered":"Empresa Cidad\u00e3: Casar\u00e3o amplia licen\u00e7a maternidade e paternidade para colaboradores"},"content":{"rendered":"\n<p>No \u00faltimo post do nosso blog, dividimos com voc\u00ea uma novidade que nos deixou super orgulhosos: a <a href=\"https:\/\/casaraoimoveis.com.br\/blog\/casarao-e-great-place-to-work-entenda-a-certificacao\">Casar\u00e3o conquistou a certifica\u00e7\u00e3o Great Place to Work (GPTW)<\/a>, selo dado para empresas que t\u00eam \u00f3timos ambientes de trabalho.<\/p>\n\n\n\n<p>Hoje, vamos falar sobre outra demonstra\u00e7\u00e3o de que aqui \u00e9 um \u00f3timo lugar para se trabalhar: a Casar\u00e3o Im\u00f3veis agora faz parte do programa <strong>Empresa Cidad\u00e3<\/strong>, da Receita Federal, ampliando o per\u00edodo de licen\u00e7a maternidade e paternidade dos colaboradores.<\/p>\n\n\n\n<h2 class=\"wp-block-heading\">O que \u00e9 uma Empresa Cidad\u00e3?<\/h2>\n\n\n\n<p>O programa Empresa Cidad\u00e3 foi institu\u00eddo pela Lei n\u00ba 11.770\/2008, que concede incentivo fiscal a empresas que <strong>prorrogam a licen\u00e7a maternidade<\/strong> e tamb\u00e9m a licen\u00e7a paternidade para seus colaboradores, <strong>al\u00e9m do per\u00edodo obrigat\u00f3rio por lei<\/strong>.<\/p>\n\n\n\n<p>Dessa forma, as futuras mam\u00e3es e futuros papais da Casar\u00e3o j\u00e1 podem se preparar para usufruir da seguinte amplia\u00e7\u00e3o:<\/p>\n\n\n\n<ul class=\"wp-block-list\">\n<li>A licen\u00e7a <strong>maternidade<\/strong> passa <strong>de 4 meses para 6 meses<\/strong><\/li>\n\n\n\n<li>A licen\u00e7a <strong>paternidade<\/strong> passa <strong>de 5 dias para 20 dias<\/strong><\/li>\n<\/ul>\n\n\n\n<p>\u00c9 importante pontuar que, o benef\u00edcio n\u00e3o envolve nenhuma contrapartida por parte do colaborador, que <strong>continuar\u00e1 recebendo seu sal\u00e1rio na integralidade<\/strong>.<\/p>\n\n\n\n<h3 class=\"wp-block-heading\">Amplia\u00e7\u00e3o tamb\u00e9m vale para casos de ado\u00e7\u00e3o<\/h3>\n\n\n\n<p>A prorroga\u00e7\u00e3o \u00e9 garantida tamb\u00e9m aos colaboradores que adotam uma crian\u00e7a. Assim, eles podem aproveitar o per\u00edodo inicial da rela\u00e7\u00e3o e ficar pr\u00f3ximos de seus filhos por mais tempo.<\/p>\n\n\n\n<p>Nesse caso, a regra passa a ser a seguinte:<\/p>\n\n\n\n<ul class=\"wp-block-list\">\n<li>Amplia\u00e7\u00e3o de 60 dias quando se tratar de crian\u00e7a de at\u00e9 1 ano de idade<\/li>\n\n\n\n<li>Amplia\u00e7\u00e3o de 30 dias quando se tratar de crian\u00e7a a partir de 1 at\u00e9 4 anos de idade completos<\/li>\n\n\n\n<li>Amplia\u00e7\u00e3o de 15 dias quando se tratar de crian\u00e7a a partir de 4 anos at\u00e9 completar 8 anos de idade<\/li>\n<\/ul>\n\n\n\n<h2 class=\"wp-block-heading\">Benef\u00edcios para o colaborador e para a sociedade<\/h2>\n\n\n\n<p>A Casar\u00e3o acredita que a amplia\u00e7\u00e3o das licen\u00e7as maternidade e paternidade, al\u00e9m de ser incr\u00edvel para a fam\u00edlia, tamb\u00e9m traz resultados para a sociedade, formando v\u00ednculos mais saud\u00e1veis e ajudando no desenvolvimento das crian\u00e7as.<\/p>\n\n\n\n<p>&#8220;Ser uma Empresa Cidad\u00e3 \u00e9 oferecer para o pai a oportunidade de ter um <strong>v\u00ednculo mais pr\u00f3ximo<\/strong> com o seu filho, ficar um pouco mais de tempo com aquele bebezinho, apoiar a adapta\u00e7\u00e3o da fam\u00edlia e estar ao lado da m\u00e3e na fase do puerp\u00e9rio&#8221;, comenta Carolina Brum, gerente de Gente e Comunica\u00e7\u00e3o da Casar\u00e3o Im\u00f3veis.<\/p>\n\n\n\n<p>J\u00e1 para a m\u00e3e, a amplia\u00e7\u00e3o da licen\u00e7a de 4 para 6 meses tamb\u00e9m faz uma grande diferen\u00e7a. &#8220;A m\u00e3e fica com a crian\u00e7a at\u00e9 que ela esteja mais crescidinha, quando come\u00e7a a comer frutas e outros alimentos al\u00e9m do leite materno. Assim, ela pode retornar ao trabalho com muito mais tranquilidade, tendo passado um tempo de qualidade com seu filho.&#8221;<\/p>\n\n\n\n<h2 class=\"wp-block-heading\">Colaboradora aprova o benef\u00edcio<\/h2>\n\n\n\n<p>A colaboradora do setor de manuten\u00e7\u00f5es da Casar\u00e3o, Di\u00e2mela Ribeiro, est\u00e1 gr\u00e1vida de uma menina e n\u00e3o esconde a alegria por poder usufruir da extens\u00e3o do benef\u00edcio. &#8220;Quando fiquei sabendo, me senti muito feliz, pois vou passar mais tempo com a minha filha. <strong>Com certeza \u00e9 um privil\u00e9gio<\/strong>&#8220;, relata.<\/p>\n\n\n\n<p>Segundo ela, sua m\u00e9dica sempre refor\u00e7a a import\u00e2ncia desse contato pr\u00f3ximo do beb\u00ea com a m\u00e3e, o que estimula o c\u00e9rebro da crian\u00e7a e traz consequ\u00eancias positivas para toda a sua vida.<\/p>\n\n\n\n<p>Di\u00e2mela acredita que, com a extens\u00e3o da licen\u00e7a, retornar\u00e1 ao trabalho com maior tranquilidade. &#8220;Principalmente porque, neste per\u00edodo, al\u00e9m do leite materno, ela vai estar comendo frutinha e sopinha, ent\u00e3o esse processo n\u00e3o vai ser acelerado, e sim no tempo dela&#8221;, projeta.<\/p>\n\n\n\n<p>A colaboradora celebra a iniciativa da Casar\u00e3o e seus esfor\u00e7os para se tornar uma empresa cada vez melhor para se trabalhar. &#8220;A Casar\u00e3o est\u00e1 sempre na frente, inovando e pensando nos seus colaboradores da melhor forma. Sou extremamente grata, \u00e9 o meu primeiro trabalho de carteira assinada e, se depender de mim, ser\u00e1 por muitos anos&#8221;, conclui.O que achou da novidade? <strong>Deixe um coment\u00e1rio<\/strong> abaixo com a sua opini\u00e3o e compartilhe o artigo com seus seguidores nas redes sociais.<\/p>\n","protected":false},"excerpt":{"rendered":"<p>No \u00faltimo post do nosso blog, dividimos com voc\u00ea uma novidade que nos deixou super orgulhosos: a Casar\u00e3o conquistou a certifica\u00e7\u00e3o Great Place to Work (GPTW), selo dado para empresas que t\u00eam \u00f3timos ambientes de trabalho. Hoje, vamos falar sobre outra demonstra\u00e7\u00e3o de que aqui \u00e9 um \u00f3timo lugar para se trabalhar: a Casar\u00e3o Im\u00f3veis [&hellip;]<\/p>\n","protected":false},"author":6,"featured_media":3964,"comment_status":"open","ping_status":"open","sticky":true,"template":"","format":"standard","meta":{"footnotes":""},"categories":[117,498],"tags":[],"class_list":{"0":"post-3963","1":"post","2":"type-post","3":"status-publish","4":"format-standard","5":"has-post-thumbnail","7":"category-acontece-na-casarao","8":"category-institucional","9":"czr-hentry"},"yoast_head":"<!-- This site is optimized with the Yoast SEO plugin v27.4 - https:\/\/yoast.com\/product\/yoast-seo-wordpress\/ -->\n<title>Empresa Cidad\u00e3: Casar\u00e3o amplia licen\u00e7a maternidade e paternidade para colaboradores - Blog da Casar\u00e3o<\/title>\n<meta name=\"description\" content=\"Aderindo ao programa Empresa Cidad\u00e3, a Casar\u00e3o Im\u00f3veis amplia em 60 dias a licen\u00e7a maternidade e 15 dias a licen\u00e7a paternidade de seus colaboradores.\" \/>\n<meta name=\"robots\" content=\"index, follow, max-snippet:-1, max-image-preview:large, max-video-preview:-1\" \/>\n<link rel=\"canonical\" href=\"https:\/\/casaraoimoveis.com.br\/blog\/empresa-cidada-casarao-amplia-licenca-maternidade-e-paternidade-para-colaboradores\/\" \/>\n<meta property=\"og:locale\" content=\"pt_BR\" \/>\n<meta property=\"og:type\" content=\"article\" \/>\n<meta property=\"og:title\" content=\"Empresa Cidad\u00e3: Casar\u00e3o amplia licen\u00e7a maternidade e paternidade para colaboradores - Blog da Casar\u00e3o\" \/>\n<meta property=\"og:description\" content=\"Aderindo ao programa Empresa Cidad\u00e3, a Casar\u00e3o Im\u00f3veis amplia em 60 dias a licen\u00e7a maternidade e 15 dias a licen\u00e7a paternidade de seus colaboradores.\" \/>\n<meta property=\"og:url\" content=\"https:\/\/casaraoimoveis.com.br\/blog\/empresa-cidada-casarao-amplia-licenca-maternidade-e-paternidade-para-colaboradores\/\" \/>\n<meta property=\"og:site_name\" content=\"Blog da Casar\u00e3o\" \/>\n<meta property=\"article:publisher\" content=\"https:\/\/www.facebook.com\/CasaraoImoveis\/\" \/>\n<meta property=\"article:published_time\" content=\"2021-06-04T12:45:47+00:00\" \/>\n<meta property=\"article:modified_time\" content=\"2023-03-02T18:45:48+00:00\" \/>\n<meta property=\"og:image\" content=\"https:\/\/casaraoimoveis.com.br\/blog\/wp-content\/uploads\/2021\/06\/02462-@06-Junho_JM-scaled.jpg\" \/>\n\t<meta property=\"og:image:width\" content=\"2560\" \/>\n\t<meta property=\"og:image:height\" content=\"1437\" \/>\n\t<meta property=\"og:image:type\" content=\"image\/jpeg\" \/>\n<meta name=\"author\" content=\"Marketing Casar\u00e3o\" \/>\n<meta name=\"twitter:card\" content=\"summary_large_image\" \/>\n<meta name=\"twitter:creator\" content=\"@casaraoimoveis\" \/>\n<meta name=\"twitter:site\" content=\"@casaraoimoveis\" \/>\n<meta name=\"twitter:label1\" content=\"Escrito por\" \/>\n\t<meta name=\"twitter:data1\" content=\"Marketing Casar\u00e3o\" \/>\n\t<meta name=\"twitter:label2\" content=\"Est. tempo de leitura\" \/>\n\t<meta name=\"twitter:data2\" content=\"4 minutos\" \/>\n<script type=\"application\/ld+json\" class=\"yoast-schema-graph\">{\"@context\":\"https:\\\/\\\/schema.org\",\"@graph\":[{\"@type\":\"Article\",\"@id\":\"https:\\\/\\\/casaraoimoveis.com.br\\\/blog\\\/empresa-cidada-casarao-amplia-licenca-maternidade-e-paternidade-para-colaboradores\\\/#article\",\"isPartOf\":{\"@id\":\"https:\\\/\\\/casaraoimoveis.com.br\\\/blog\\\/empresa-cidada-casarao-amplia-licenca-maternidade-e-paternidade-para-colaboradores\\\/\"},\"author\":{\"name\":\"Marketing Casar\u00e3o\",\"@id\":\"https:\\\/\\\/casaraoimoveis.com.br\\\/blog\\\/#\\\/schema\\\/person\\\/2534db74779d8a964faa9a0c48034be9\"},\"headline\":\"Empresa Cidad\u00e3: Casar\u00e3o amplia licen\u00e7a maternidade e paternidade para colaboradores\",\"datePublished\":\"2021-06-04T12:45:47+00:00\",\"dateModified\":\"2023-03-02T18:45:48+00:00\",\"mainEntityOfPage\":{\"@id\":\"https:\\\/\\\/casaraoimoveis.com.br\\\/blog\\\/empresa-cidada-casarao-amplia-licenca-maternidade-e-paternidade-para-colaboradores\\\/\"},\"wordCount\":727,\"commentCount\":0,\"publisher\":{\"@id\":\"https:\\\/\\\/casaraoimoveis.com.br\\\/blog\\\/#organization\"},\"image\":{\"@id\":\"https:\\\/\\\/casaraoimoveis.com.br\\\/blog\\\/empresa-cidada-casarao-amplia-licenca-maternidade-e-paternidade-para-colaboradores\\\/#primaryimage\"},\"thumbnailUrl\":\"https:\\\/\\\/casaraoimoveis.com.br\\\/blog\\\/wp-content\\\/uploads\\\/2021\\\/06\\\/02462-@06-Junho_JM-scaled.jpg\",\"articleSection\":[\"Acontece na Casar\u00e3o\",\"Institucional\"],\"inLanguage\":\"pt-BR\",\"potentialAction\":[{\"@type\":\"CommentAction\",\"name\":\"Comment\",\"target\":[\"https:\\\/\\\/casaraoimoveis.com.br\\\/blog\\\/empresa-cidada-casarao-amplia-licenca-maternidade-e-paternidade-para-colaboradores\\\/#respond\"]}]},{\"@type\":\"WebPage\",\"@id\":\"https:\\\/\\\/casaraoimoveis.com.br\\\/blog\\\/empresa-cidada-casarao-amplia-licenca-maternidade-e-paternidade-para-colaboradores\\\/\",\"url\":\"https:\\\/\\\/casaraoimoveis.com.br\\\/blog\\\/empresa-cidada-casarao-amplia-licenca-maternidade-e-paternidade-para-colaboradores\\\/\",\"name\":\"Empresa Cidad\u00e3: Casar\u00e3o amplia licen\u00e7a maternidade e paternidade para colaboradores - Blog da Casar\u00e3o\",\"isPartOf\":{\"@id\":\"https:\\\/\\\/casaraoimoveis.com.br\\\/blog\\\/#website\"},\"primaryImageOfPage\":{\"@id\":\"https:\\\/\\\/casaraoimoveis.com.br\\\/blog\\\/empresa-cidada-casarao-amplia-licenca-maternidade-e-paternidade-para-colaboradores\\\/#primaryimage\"},\"image\":{\"@id\":\"https:\\\/\\\/casaraoimoveis.com.br\\\/blog\\\/empresa-cidada-casarao-amplia-licenca-maternidade-e-paternidade-para-colaboradores\\\/#primaryimage\"},\"thumbnailUrl\":\"https:\\\/\\\/casaraoimoveis.com.br\\\/blog\\\/wp-content\\\/uploads\\\/2021\\\/06\\\/02462-@06-Junho_JM-scaled.jpg\",\"datePublished\":\"2021-06-04T12:45:47+00:00\",\"dateModified\":\"2023-03-02T18:45:48+00:00\",\"description\":\"Aderindo ao programa Empresa Cidad\u00e3, a Casar\u00e3o Im\u00f3veis amplia em 60 dias a licen\u00e7a maternidade e 15 dias a licen\u00e7a paternidade de seus colaboradores.\",\"breadcrumb\":{\"@id\":\"https:\\\/\\\/casaraoimoveis.com.br\\\/blog\\\/empresa-cidada-casarao-amplia-licenca-maternidade-e-paternidade-para-colaboradores\\\/#breadcrumb\"},\"inLanguage\":\"pt-BR\",\"potentialAction\":[{\"@type\":\"ReadAction\",\"target\":[\"https:\\\/\\\/casaraoimoveis.com.br\\\/blog\\\/empresa-cidada-casarao-amplia-licenca-maternidade-e-paternidade-para-colaboradores\\\/\"]}]},{\"@type\":\"ImageObject\",\"inLanguage\":\"pt-BR\",\"@id\":\"https:\\\/\\\/casaraoimoveis.com.br\\\/blog\\\/empresa-cidada-casarao-amplia-licenca-maternidade-e-paternidade-para-colaboradores\\\/#primaryimage\",\"url\":\"https:\\\/\\\/casaraoimoveis.com.br\\\/blog\\\/wp-content\\\/uploads\\\/2021\\\/06\\\/02462-@06-Junho_JM-scaled.jpg\",\"contentUrl\":\"https:\\\/\\\/casaraoimoveis.com.br\\\/blog\\\/wp-content\\\/uploads\\\/2021\\\/06\\\/02462-@06-Junho_JM-scaled.jpg\",\"width\":2560,\"height\":1437},{\"@type\":\"BreadcrumbList\",\"@id\":\"https:\\\/\\\/casaraoimoveis.com.br\\\/blog\\\/empresa-cidada-casarao-amplia-licenca-maternidade-e-paternidade-para-colaboradores\\\/#breadcrumb\",\"itemListElement\":[{\"@type\":\"ListItem\",\"position\":1,\"name\":\"In\u00edcio\",\"item\":\"https:\\\/\\\/casaraoimoveis.com.br\\\/blog\\\/\"},{\"@type\":\"ListItem\",\"position\":2,\"name\":\"Empresa Cidad\u00e3: Casar\u00e3o amplia licen\u00e7a maternidade e paternidade para colaboradores\"}]},{\"@type\":\"WebSite\",\"@id\":\"https:\\\/\\\/casaraoimoveis.com.br\\\/blog\\\/#website\",\"url\":\"https:\\\/\\\/casaraoimoveis.com.br\\\/blog\\\/\",\"name\":\"Blog da Casar\u00e3o\",\"description\":\"Aqui tem um lugar pra voc\u00ea\",\"publisher\":{\"@id\":\"https:\\\/\\\/casaraoimoveis.com.br\\\/blog\\\/#organization\"},\"potentialAction\":[{\"@type\":\"SearchAction\",\"target\":{\"@type\":\"EntryPoint\",\"urlTemplate\":\"https:\\\/\\\/casaraoimoveis.com.br\\\/blog\\\/?s={search_term_string}\"},\"query-input\":{\"@type\":\"PropertyValueSpecification\",\"valueRequired\":true,\"valueName\":\"search_term_string\"}}],\"inLanguage\":\"pt-BR\"},{\"@type\":\"Organization\",\"@id\":\"https:\\\/\\\/casaraoimoveis.com.br\\\/blog\\\/#organization\",\"name\":\"Casar\u00e3o Im\u00f3veis\",\"url\":\"https:\\\/\\\/casaraoimoveis.com.br\\\/blog\\\/\",\"logo\":{\"@type\":\"ImageObject\",\"inLanguage\":\"pt-BR\",\"@id\":\"https:\\\/\\\/casaraoimoveis.com.br\\\/blog\\\/#\\\/schema\\\/logo\\\/image\\\/\",\"url\":\"https:\\\/\\\/casaraoimoveis.com.br\\\/blog\\\/wp-content\\\/uploads\\\/2023\\\/11\\\/cropped-marca_horizontal_.png\",\"contentUrl\":\"https:\\\/\\\/casaraoimoveis.com.br\\\/blog\\\/wp-content\\\/uploads\\\/2023\\\/11\\\/cropped-marca_horizontal_.png\",\"width\":678,\"height\":136,\"caption\":\"Casar\u00e3o Im\u00f3veis\"},\"image\":{\"@id\":\"https:\\\/\\\/casaraoimoveis.com.br\\\/blog\\\/#\\\/schema\\\/logo\\\/image\\\/\"},\"sameAs\":[\"https:\\\/\\\/www.facebook.com\\\/CasaraoImoveis\\\/\",\"https:\\\/\\\/x.com\\\/casaraoimoveis\",\"https:\\\/\\\/www.instagram.com\\\/casarao_imoveis\\\/\",\"https:\\\/\\\/www.linkedin.com\\\/company\\\/casar\u00e3o-im\u00f3veis\",\"https:\\\/\\\/www.youtube.com\\\/channel\\\/UCTAp0eq_KdwHwO46z4te6Cg\"]},{\"@type\":\"Person\",\"@id\":\"https:\\\/\\\/casaraoimoveis.com.br\\\/blog\\\/#\\\/schema\\\/person\\\/2534db74779d8a964faa9a0c48034be9\",\"name\":\"Marketing Casar\u00e3o\",\"image\":{\"@type\":\"ImageObject\",\"inLanguage\":\"pt-BR\",\"@id\":\"https:\\\/\\\/secure.gravatar.com\\\/avatar\\\/f4bdc26f96b00fca29787d7ccf30f163cdf3f5da541e317aced1fddb1a88aff6?s=96&d=mm&r=g\",\"url\":\"https:\\\/\\\/secure.gravatar.com\\\/avatar\\\/f4bdc26f96b00fca29787d7ccf30f163cdf3f5da541e317aced1fddb1a88aff6?s=96&d=mm&r=g\",\"contentUrl\":\"https:\\\/\\\/secure.gravatar.com\\\/avatar\\\/f4bdc26f96b00fca29787d7ccf30f163cdf3f5da541e317aced1fddb1a88aff6?s=96&d=mm&r=g\",\"caption\":\"Marketing Casar\u00e3o\"},\"sameAs\":[\"http:\\\/\\\/www.incomum.in\"],\"url\":\"https:\\\/\\\/casaraoimoveis.com.br\\\/blog\\\/author\\\/anabachiega\\\/\"}]}<\/script>\n<!-- \/ Yoast SEO plugin. -->","yoast_head_json":{"title":"Empresa Cidad\u00e3: Casar\u00e3o amplia licen\u00e7a maternidade e paternidade para colaboradores - Blog da Casar\u00e3o","description":"Aderindo ao programa Empresa Cidad\u00e3, a Casar\u00e3o Im\u00f3veis amplia em 60 dias a licen\u00e7a maternidade e 15 dias a licen\u00e7a paternidade de seus colaboradores.","robots":{"index":"index","follow":"follow","max-snippet":"max-snippet:-1","max-image-preview":"max-image-preview:large","max-video-preview":"max-video-preview:-1"},"canonical":"https:\/\/casaraoimoveis.com.br\/blog\/empresa-cidada-casarao-amplia-licenca-maternidade-e-paternidade-para-colaboradores\/","og_locale":"pt_BR","og_type":"article","og_title":"Empresa Cidad\u00e3: Casar\u00e3o amplia licen\u00e7a maternidade e paternidade para colaboradores - Blog da Casar\u00e3o","og_description":"Aderindo ao programa Empresa Cidad\u00e3, a Casar\u00e3o Im\u00f3veis amplia em 60 dias a licen\u00e7a maternidade e 15 dias a licen\u00e7a paternidade de seus colaboradores.","og_url":"https:\/\/casaraoimoveis.com.br\/blog\/empresa-cidada-casarao-amplia-licenca-maternidade-e-paternidade-para-colaboradores\/","og_site_name":"Blog da Casar\u00e3o","article_publisher":"https:\/\/www.facebook.com\/CasaraoImoveis\/","article_published_time":"2021-06-04T12:45:47+00:00","article_modified_time":"2023-03-02T18:45:48+00:00","og_image":[{"width":2560,"height":1437,"url":"https:\/\/casaraoimoveis.com.br\/blog\/wp-content\/uploads\/2021\/06\/02462-@06-Junho_JM-scaled.jpg","type":"image\/jpeg"}],"author":"Marketing Casar\u00e3o","twitter_card":"summary_large_image","twitter_creator":"@casaraoimoveis","twitter_site":"@casaraoimoveis","twitter_misc":{"Escrito por":"Marketing Casar\u00e3o","Est. tempo de leitura":"4 minutos"},"schema":{"@context":"https:\/\/schema.org","@graph":[{"@type":"Article","@id":"https:\/\/casaraoimoveis.com.br\/blog\/empresa-cidada-casarao-amplia-licenca-maternidade-e-paternidade-para-colaboradores\/#article","isPartOf":{"@id":"https:\/\/casaraoimoveis.com.br\/blog\/empresa-cidada-casarao-amplia-licenca-maternidade-e-paternidade-para-colaboradores\/"},"author":{"name":"Marketing Casar\u00e3o","@id":"https:\/\/casaraoimoveis.com.br\/blog\/#\/schema\/person\/2534db74779d8a964faa9a0c48034be9"},"headline":"Empresa Cidad\u00e3: Casar\u00e3o amplia licen\u00e7a maternidade e paternidade para colaboradores","datePublished":"2021-06-04T12:45:47+00:00","dateModified":"2023-03-02T18:45:48+00:00","mainEntityOfPage":{"@id":"https:\/\/casaraoimoveis.com.br\/blog\/empresa-cidada-casarao-amplia-licenca-maternidade-e-paternidade-para-colaboradores\/"},"wordCount":727,"commentCount":0,"publisher":{"@id":"https:\/\/casaraoimoveis.com.br\/blog\/#organization"},"image":{"@id":"https:\/\/casaraoimoveis.com.br\/blog\/empresa-cidada-casarao-amplia-licenca-maternidade-e-paternidade-para-colaboradores\/#primaryimage"},"thumbnailUrl":"https:\/\/casaraoimoveis.com.br\/blog\/wp-content\/uploads\/2021\/06\/02462-@06-Junho_JM-scaled.jpg","articleSection":["Acontece na Casar\u00e3o","Institucional"],"inLanguage":"pt-BR","potentialAction":[{"@type":"CommentAction","name":"Comment","target":["https:\/\/casaraoimoveis.com.br\/blog\/empresa-cidada-casarao-amplia-licenca-maternidade-e-paternidade-para-colaboradores\/#respond"]}]},{"@type":"WebPage","@id":"https:\/\/casaraoimoveis.com.br\/blog\/empresa-cidada-casarao-amplia-licenca-maternidade-e-paternidade-para-colaboradores\/","url":"https:\/\/casaraoimoveis.com.br\/blog\/empresa-cidada-casarao-amplia-licenca-maternidade-e-paternidade-para-colaboradores\/","name":"Empresa Cidad\u00e3: Casar\u00e3o amplia licen\u00e7a maternidade e paternidade para colaboradores - Blog da Casar\u00e3o","isPartOf":{"@id":"https:\/\/casaraoimoveis.com.br\/blog\/#website"},"primaryImageOfPage":{"@id":"https:\/\/casaraoimoveis.com.br\/blog\/empresa-cidada-casarao-amplia-licenca-maternidade-e-paternidade-para-colaboradores\/#primaryimage"},"image":{"@id":"https:\/\/casaraoimoveis.com.br\/blog\/empresa-cidada-casarao-amplia-licenca-maternidade-e-paternidade-para-colaboradores\/#primaryimage"},"thumbnailUrl":"https:\/\/casaraoimoveis.com.br\/blog\/wp-content\/uploads\/2021\/06\/02462-@06-Junho_JM-scaled.jpg","datePublished":"2021-06-04T12:45:47+00:00","dateModified":"2023-03-02T18:45:48+00:00","description":"Aderindo ao programa Empresa Cidad\u00e3, a Casar\u00e3o Im\u00f3veis amplia em 60 dias a licen\u00e7a maternidade e 15 dias a licen\u00e7a paternidade de seus colaboradores.","breadcrumb":{"@id":"https:\/\/casaraoimoveis.com.br\/blog\/empresa-cidada-casarao-amplia-licenca-maternidade-e-paternidade-para-colaboradores\/#breadcrumb"},"inLanguage":"pt-BR","potentialAction":[{"@type":"ReadAction","target":["https:\/\/casaraoimoveis.com.br\/blog\/empresa-cidada-casarao-amplia-licenca-maternidade-e-paternidade-para-colaboradores\/"]}]},{"@type":"ImageObject","inLanguage":"pt-BR","@id":"https:\/\/casaraoimoveis.com.br\/blog\/empresa-cidada-casarao-amplia-licenca-maternidade-e-paternidade-para-colaboradores\/#primaryimage","url":"https:\/\/casaraoimoveis.com.br\/blog\/wp-content\/uploads\/2021\/06\/02462-@06-Junho_JM-scaled.jpg","contentUrl":"https:\/\/casaraoimoveis.com.br\/blog\/wp-content\/uploads\/2021\/06\/02462-@06-Junho_JM-scaled.jpg","width":2560,"height":1437},{"@type":"BreadcrumbList","@id":"https:\/\/casaraoimoveis.com.br\/blog\/empresa-cidada-casarao-amplia-licenca-maternidade-e-paternidade-para-colaboradores\/#breadcrumb","itemListElement":[{"@type":"ListItem","position":1,"name":"In\u00edcio","item":"https:\/\/casaraoimoveis.com.br\/blog\/"},{"@type":"ListItem","position":2,"name":"Empresa Cidad\u00e3: Casar\u00e3o amplia licen\u00e7a maternidade e paternidade para colaboradores"}]},{"@type":"WebSite","@id":"https:\/\/casaraoimoveis.com.br\/blog\/#website","url":"https:\/\/casaraoimoveis.com.br\/blog\/","name":"Blog da Casar\u00e3o","description":"Aqui tem um lugar pra voc\u00ea","publisher":{"@id":"https:\/\/casaraoimoveis.com.br\/blog\/#organization"},"potentialAction":[{"@type":"SearchAction","target":{"@type":"EntryPoint","urlTemplate":"https:\/\/casaraoimoveis.com.br\/blog\/?s={search_term_string}"},"query-input":{"@type":"PropertyValueSpecification","valueRequired":true,"valueName":"search_term_string"}}],"inLanguage":"pt-BR"},{"@type":"Organization","@id":"https:\/\/casaraoimoveis.com.br\/blog\/#organization","name":"Casar\u00e3o Im\u00f3veis","url":"https:\/\/casaraoimoveis.com.br\/blog\/","logo":{"@type":"ImageObject","inLanguage":"pt-BR","@id":"https:\/\/casaraoimoveis.com.br\/blog\/#\/schema\/logo\/image\/","url":"https:\/\/casaraoimoveis.com.br\/blog\/wp-content\/uploads\/2023\/11\/cropped-marca_horizontal_.png","contentUrl":"https:\/\/casaraoimoveis.com.br\/blog\/wp-content\/uploads\/2023\/11\/cropped-marca_horizontal_.png","width":678,"height":136,"caption":"Casar\u00e3o Im\u00f3veis"},"image":{"@id":"https:\/\/casaraoimoveis.com.br\/blog\/#\/schema\/logo\/image\/"},"sameAs":["https:\/\/www.facebook.com\/CasaraoImoveis\/","https:\/\/x.com\/casaraoimoveis","https:\/\/www.instagram.com\/casarao_imoveis\/","https:\/\/www.linkedin.com\/company\/casar\u00e3o-im\u00f3veis","https:\/\/www.youtube.com\/channel\/UCTAp0eq_KdwHwO46z4te6Cg"]},{"@type":"Person","@id":"https:\/\/casaraoimoveis.com.br\/blog\/#\/schema\/person\/2534db74779d8a964faa9a0c48034be9","name":"Marketing Casar\u00e3o","image":{"@type":"ImageObject","inLanguage":"pt-BR","@id":"https:\/\/secure.gravatar.com\/avatar\/f4bdc26f96b00fca29787d7ccf30f163cdf3f5da541e317aced1fddb1a88aff6?s=96&d=mm&r=g","url":"https:\/\/secure.gravatar.com\/avatar\/f4bdc26f96b00fca29787d7ccf30f163cdf3f5da541e317aced1fddb1a88aff6?s=96&d=mm&r=g","contentUrl":"https:\/\/secure.gravatar.com\/avatar\/f4bdc26f96b00fca29787d7ccf30f163cdf3f5da541e317aced1fddb1a88aff6?s=96&d=mm&r=g","caption":"Marketing Casar\u00e3o"},"sameAs":["http:\/\/www.incomum.in"],"url":"https:\/\/casaraoimoveis.com.br\/blog\/author\/anabachiega\/"}]}},"_links":{"self":[{"href":"https:\/\/casaraoimoveis.com.br\/blog\/wp-json\/wp\/v2\/posts\/3963","targetHints":{"allow":["GET"]}}],"collection":[{"href":"https:\/\/casaraoimoveis.com.br\/blog\/wp-json\/wp\/v2\/posts"}],"about":[{"href":"https:\/\/casaraoimoveis.com.br\/blog\/wp-json\/wp\/v2\/types\/post"}],"author":[{"embeddable":true,"href":"https:\/\/casaraoimoveis.com.br\/blog\/wp-json\/wp\/v2\/users\/6"}],"replies":[{"embeddable":true,"href":"https:\/\/casaraoimoveis.com.br\/blog\/wp-json\/wp\/v2\/comments?post=3963"}],"version-history":[{"count":3,"href":"https:\/\/casaraoimoveis.com.br\/blog\/wp-json\/wp\/v2\/posts\/3963\/revisions"}],"predecessor-version":[{"id":5371,"href":"https:\/\/casaraoimoveis.com.br\/blog\/wp-json\/wp\/v2\/posts\/3963\/revisions\/5371"}],"wp:featuredmedia":[{"embeddable":true,"href":"https:\/\/casaraoimoveis.com.br\/blog\/wp-json\/wp\/v2\/media\/3964"}],"wp:attachment":[{"href":"https:\/\/casaraoimoveis.com.br\/blog\/wp-json\/wp\/v2\/media?parent=3963"}],"wp:term":[{"taxonomy":"category","embeddable":true,"href":"https:\/\/casaraoimoveis.com.br\/blog\/wp-json\/wp\/v2\/categories?post=3963"},{"taxonomy":"post_tag","embeddable":true,"href":"https:\/\/casaraoimoveis.com.br\/blog\/wp-json\/wp\/v2\/tags?post=3963"}],"curies":[{"name":"wp","href":"https:\/\/api.w.org\/{rel}","templated":true}]}}