{"id":2731,"date":"2020-06-19T12:23:01","date_gmt":"2020-06-19T12:23:01","guid":{"rendered":"https:\/\/blog.casaraoimoveis.com.br\/?p=2731"},"modified":"2023-03-22T10:30:21","modified_gmt":"2023-03-22T13:30:21","slug":"epis-da-gestao-de-pessoas","status":"publish","type":"post","link":"https:\/\/casaraoimoveis.com.br\/blog\/epis-da-gestao-de-pessoas\/","title":{"rendered":"Conhe\u00e7a os EPIs da Gest\u00e3o de Pessoas na Casar\u00e3o Im\u00f3veis"},"content":{"rendered":"\n<p>Arrisco dizer que os Equipamentos de Prote\u00e7\u00e3o Individual, EPIs, nunca tiveram uso t\u00e3o universal quanto neste contexto de pandemia. Chaves, carteira e celular subitamente passaram a ser acompanhados de luvas, protetores faciais, m\u00e1scaras e frascos de \u00e1lcool gel. <\/p>\n\n\n\n<p>Itens absolutamente necess\u00e1rios para conviver com os desafios impostos pela Covid-19, mas n\u00e3o os \u00fanicos.&nbsp;<br>Na Casar\u00e3o, estivemos atentos ao que internamente tratamos como as <strong>3 sa\u00fades<\/strong>:<em> <\/em><strong>sa\u00fade f\u00edsica<\/strong><em> <\/em>(\u00e0 qual se dedicam os EPIS j\u00e1 citados), <strong>sa\u00fade menta<\/strong>l e <strong>psicol\u00f3gica<\/strong> e <strong>sa\u00fade\/sustentabilidade da empresa<\/strong>. Todas interdependentes e vitais.<\/p>\n\n\n\n<p>Para preservar essas \u201csa\u00fades\u201d, nossa primeira descoberta foi a import\u00e2ncia de simplificar. Aceitamos o convite para olhar pro que \u00e9 essencial, n\u00e3o permitimos que o cen\u00e1rio incerto nos paralizasse e repetimos constantemente a pergunta:&nbsp;<\/p>\n\n\n\n<blockquote class=\"wp-block-quote is-layout-flow wp-block-quote-is-layout-flow\">\n<p>  <strong>Como podemos fazer isso de forma mais simples, r\u00e1pida e genu\u00edna?&nbsp;<\/strong>  <\/p>\n<\/blockquote>\n\n\n\n<p>Foi assim que voltamos nosso olhar a alguns \u201cequipamentos\u201d e acrescentamos refor\u00e7os importantes em nosso kit de EPIs.<\/p>\n\n\n\n<hr class=\"wp-block-separator has-css-opacity\"\/>\n\n\n\n<h2 class=\"wp-block-heading\">Os EPIs da Casar\u00e3o: Escuta, Comunica\u00e7\u00e3o Transparente e Afeto<\/h2>\n\n\n\n<p class=\"has-medium-font-size\">&#8211; <strong>Escuta<\/strong>: <\/p>\n\n\n\n<p>Na Casar\u00e3o somos calorosos, gostamos dos <a href=\"https:\/\/casaraoimoveis.com.br\/blog\/watch?v=IwBjeTXeKqs\">espa\u00e7os de fala<\/a> em que podemos contribuir e tamb\u00e9m pedir ajuda. A necessidade de colocarmos toda equipe em trabalho remoto nos tomou a facilidade da presen\u00e7a f\u00edsica entre colegas e tamb\u00e9m entre colaborador e gest\u00e3o de pessoas.\u00a0 <\/p>\n\n\n\n<p>Poder\u00edamos atender \u00e0 tend\u00eancia natural de tirarmos conclus\u00f5es baseados em nossos pontos de vista. Contudo, sab\u00edamos dos perigos de n\u00e3o fazer perguntas e agirmos de acordo com as nossas suposi\u00e7\u00f5es.&nbsp;<\/p>\n\n\n\n<p>Cada colaborador estava vivenciando uma situa\u00e7\u00e3o muito individual. O trabalho remoto poderia ser confort\u00e1vel, desafiador, solit\u00e1rio, estimulante ou at\u00e9 mesmo penoso, e para desenvolvermos o trabalho de gest\u00e3o de pessoas era fundamental compreender a pluralidade dos desafios que nossa equipe estava enfrentando.&nbsp;<\/p>\n\n\n\n<p>Inicialmente estabelecemos uma rotina de conversas por v\u00eddeo com as lideran\u00e7as, conversas nas quais negociamos juntos e encontramos alternativas relacionadas \u00e0 necessidade de f\u00e9rias, por exemplo, em alguns setores &#8211; medida necess\u00e1ria para preservarmos a sa\u00fade\/sustentabilidade da empresa, como mencionado anteriormente.&nbsp;<\/p>\n\n\n\n<p>Esse modelo de conversas com as lideran\u00e7as se mostrou satisfat\u00f3rio mas com o avan\u00e7ar da quarentena precis\u00e1vamos alcan\u00e7ar de forma direta um maior n\u00famero de pessoas para obter uma imagem mais realista dos desafios da nossa equipe.&nbsp;<\/p>\n\n\n\n<p>Criamos ent\u00e3o o <strong>\u201cTerm\u00f4metro da quarentena\u201d<\/strong>, um question\u00e1rio enviado regularmente a todos os colaboradores da Casar\u00e3o com a inten\u00e7\u00e3o de ampliar a nossa escuta a partir do \u201cfazer perguntas\u201d. Inspirado na <a href=\"https:\/\/casaraoimoveis.com.br\/blog\/0AlCTGHu7Ipkmiegy8OmMb?si=9Nmxle1LQsCVKzUR1_LnEw\">Comunica\u00e7\u00e3o n\u00e3o violenta<\/a>, o formul\u00e1rio convidava o colaborador a expressar qual sentimento predominava no in\u00edcio do seu dia de trabalho e qual o acompanhava ao final desse dia.\u00a0<\/p>\n\n\n\n<p>Ofertamos tamb\u00e9m um campo de<em> \u201cPergunte \u00e0 dire\u00e7\u00e3o\u201d<\/em> cujas perguntas foram respondidas em v\u00eddeos feitos pessoalmente pelo Presidente e pelo CEO da Casar\u00e3o.<\/p>\n\n\n\n<p>A partir dos espa\u00e7os de escuta criados, acolhemos ang\u00fastias, incentivamos a autenticidade e a espontaneidade e obtivemos insumos para planejar a\u00e7\u00f5es diretas nas \u201cdores\u201d da nossa equipe e que contribu\u00edram para gerar mais confian\u00e7a e seguran\u00e7a.<br><\/p>\n\n\n\n<p class=\"has-medium-font-size\">&#8211;<strong> Comunica\u00e7\u00e3o transparente: <\/strong><\/p>\n\n\n\n<p>Entendemos que o que n\u00e3o \u00e9 comunicado nas organiza\u00e7\u00f5es d\u00e1 oportunidade para ser fantasiado. O potencial criativo de nossas mentes \u00e9 agu\u00e7ado em situa\u00e7\u00f5es de incerteza como uma pandemia com impacto econ\u00f4mico t\u00e3o negativo. Sabendo disso, nosso cuidado foi manter a equipe da Casar\u00e3o sempre atualizada sobre as decis\u00f5es da gest\u00e3o e transmitir informa\u00e7\u00f5es da forma mais transparente poss\u00edvel.&nbsp;<\/p>\n\n\n\n<p>Fizemos isso de maneira simples, r\u00e1pida e genu\u00edna, os requisitos da nossa pergunta norteadora j\u00e1 trazida.&nbsp;<\/p>\n\n\n\n<p>Convidamos fundador, presidente e CEO a fazerem \u00e1udios e v\u00eddeos, com seus pr\u00f3prios celulares, numa linguagem pr\u00f3xima e realista.&nbsp;<\/p>\n\n\n\n<figure class=\"wp-block-image size-large\"><img decoding=\"async\" src=\"https:\/\/casaraoimoveis.com.br\/blog\/wp-content\/uploads\/2020\/06\/SAM_2681-01-1024x3391.jpg\" alt=\"\" class=\"wp-image-2743\"\/><figcaption class=\"wp-element-caption\">Jo\u00e3o Pedro Neves &#8211; CEO e Luis Ot\u00e1vio Neves &#8211; Presidente<\/figcaption><\/figure>\n\n\n\n<p>N\u00e3o t\u00ednhamos as respostas para muitas das d\u00favidas: \u201cQuando isso vai passar?\u201d \u201cQuando poderemos voltar para a imobili\u00e1ria?\u201d mas estava ao nosso alcance expor essa vulnerabilidade e garantir que manter\u00edamos o compromisso de zelar pelas <em>3 sa\u00fades<\/em>.&nbsp;<\/p>\n\n\n\n<p>Com essa estrat\u00e9gia simples, sem nenhum custo, experimentamos o poder da comunica\u00e7\u00e3o transparente como recurso para reduzir o estresse em ambientes de incerteza. Recebemos feedbacks positivos e os efeitos foram medidos nos <em>Term\u00f4metros da Quarentena<\/em> seguintes.<br><\/p>\n\n\n\n<p class=\"has-medium-font-size\">&#8211;<strong> Afeto: <\/strong><\/p>\n\n\n\n<p>Os \u201cEPIs\u201d <em>escuta<\/em> e <em>comunica\u00e7\u00e3o transparente<\/em> nos deram subs\u00eddios para compreender as fases de adapta\u00e7\u00e3o da equipe \u00e0 realidade trazida pelo Coronav\u00edrus. Identificamos e atendemos necessidades de suporte instrumental (material, equipamento, ferramentas) e suporte emocional. Mas ouso dizer que nenhuma dessas a\u00e7\u00f5es teria sido bem sucedida sem este \u201cEquipamento de Prote\u00e7\u00e3o\u201d t\u00e3o especial: o afeto. Ele esteve presente em cada etapa.&nbsp;<\/p>\n\n\n\n<p>Foi com afeto que no primeiro m\u00eas de quarentena evitamos dar desafios \u00e0 equipe e nos concentramos em oferecer o m\u00e1ximo de apoio e acolhimento &#8211; o ambiente externo por si s\u00f3 j\u00e1 estava suficientemente desafiador &#8211; precis\u00e1vamos investir em otimismo e na percep\u00e7\u00e3o de auto-efic\u00e1cia, na cren\u00e7a de cada colega de ser capaz de superar a adversidade.<\/p>\n\n\n\n<p>Tamb\u00e9m foi com aten\u00e7\u00e3o afetuosa que detectamos a necessidade de <em>Reconhecimento. <\/em>Sentimos na equipe um \u201cpedido\u201d por not\u00edcias boas. Aqui cabe dizer que na Casar\u00e3o acreditamos que reconhecer e celebrar os acertos n\u00e3o significa negar as dificuldades, mas coloc\u00e1-los em um cen\u00e1rio mais amplo e equilibrado. Um contexto em que se pode ver que, por mais desafiador que seja o cen\u00e1rio, se olharmos com generosidade haver\u00e1 sempre mais coisas certas que erradas.&nbsp;<\/p>\n\n\n\n<p>Foi a partir dessa demanda que adaptamos o nosso <em>Correio de gentilezas<\/em>, um projeto j\u00e1 consolidado no qual temos envelopes nos setores onde os colegas podem deixar bilhetes apreciativos uns aos outros.&nbsp;<\/p>\n\n\n\n<figure class=\"wp-block-image size-large\"><img decoding=\"async\" src=\"https:\/\/casaraoimoveis.com.br\/blog\/wp-content\/uploads\/2020\/06\/SAM_2677-01-1024x3391.jpg\" alt=\"\" class=\"wp-image-2744\"\/><\/figure>\n\n\n\n<p>Criamos uma figurinha para WhatsApp com o logo do projeto e estimulamos que passassem a trocar \u00e1udios apreciativos assim como antes faziam com os bilhetes. Uma a\u00e7\u00e3o simples e novamente sem custo, capaz de desencadear emo\u00e7\u00f5es positivas e oferecer ao c\u00e9rebro, de quem envia e de quem recebe, doses de dopamina e serotonina, nosso almejado \u201cbem-estar\u201d.<\/p>\n\n\n\n<p>Por fim, no dia em que fomos autorizados a retomar as atividades presenciais parcialmente, l\u00e1 estava ele, o \u201cafeto\u201d entre os nossos EPIs. Entregamos o kit b\u00e1sico com luvas, m\u00e1scaras, protetor facial, mas n\u00e3o s\u00f3. Havia tamb\u00e9m uma carta assinada pessoalmente pela dire\u00e7\u00e3o e uma plantinha, um toque de vida.<br><\/p>\n\n\n\n<figure class=\"wp-block-image size-large\"><img decoding=\"async\" src=\"https:\/\/casaraoimoveis.com.br\/blog\/wp-content\/uploads\/2020\/06\/SAM_2681-01-1-1024x3391.jpg\" alt=\"\" class=\"wp-image-2745\"\/><\/figure>\n\n\n\n<blockquote class=\"wp-block-quote has-text-align-left is-style-default is-layout-flow wp-block-quote-is-layout-flow\">\n<p>  A jornada tem sido desafiadora. Aprendemos que quando n\u00e3o se tem controle ou garantias sobre uma situa\u00e7\u00e3o, cresce a necessidade de se estar presente e foi o que a Casar\u00e3o buscou fazer.  <\/p>\n<\/blockquote>\n\n\n\n<p>A Pandemia vai passar, o \u00e1lcool gel provavelmente voltar\u00e1 ao seu lugar nas prateleiras, mas alguns \u201cEPIs\u201d que experimentamos ser\u00e3o cada vez mais desenvolvidos e presentes na Casar\u00e3o.&nbsp;<br><\/p>\n\n\n\n<figure class=\"wp-block-image size-large\"><img decoding=\"async\" src=\"https:\/\/casaraoimoveis.com.br\/blog\/wp-content\/uploads\/2020\/06\/teste444-011.png\" alt=\"\" class=\"wp-image-2766\"\/><\/figure>\n\n\n\n<p><em>E voc\u00ea, tamb\u00e9m personalizou e incrementou seu kit de EPIs para atravessar a Pandemia? Compartilha com a gente!<\/em><br><\/p>\n","protected":false},"excerpt":{"rendered":"<p>Arrisco dizer que os Equipamentos de Prote\u00e7\u00e3o Individual, EPIs, nunca tiveram uso t\u00e3o universal quanto neste contexto de pandemia. Chaves, carteira e celular subitamente passaram a ser acompanhados de luvas, protetores faciais, m\u00e1scaras e frascos de \u00e1lcool gel. Itens absolutamente necess\u00e1rios para conviver com os desafios impostos pela Covid-19, mas n\u00e3o os \u00fanicos.&nbsp;Na Casar\u00e3o, estivemos [&hellip;]<\/p>\n","protected":false},"author":1,"featured_media":2768,"comment_status":"open","ping_status":"open","sticky":true,"template":"","format":"standard","meta":{"footnotes":""},"categories":[117,498],"tags":[],"class_list":{"0":"post-2731","1":"post","2":"type-post","3":"status-publish","4":"format-standard","5":"has-post-thumbnail","7":"category-acontece-na-casarao","8":"category-institucional","9":"czr-hentry"},"yoast_head":"<!-- This site is optimized with the Yoast SEO plugin v27.4 - https:\/\/yoast.com\/product\/yoast-seo-wordpress\/ -->\n<title>Conhe\u00e7a os EPIs da Gest\u00e3o de Pessoas na Casar\u00e3o Im\u00f3veis - Blog da Casar\u00e3o<\/title>\n<meta name=\"robots\" content=\"index, follow, max-snippet:-1, max-image-preview:large, max-video-preview:-1\" \/>\n<link rel=\"canonical\" href=\"https:\/\/casaraoimoveis.com.br\/blog\/epis-da-gestao-de-pessoas\/\" \/>\n<meta property=\"og:locale\" content=\"pt_BR\" \/>\n<meta property=\"og:type\" content=\"article\" \/>\n<meta property=\"og:title\" content=\"Conhe\u00e7a os EPIs da Gest\u00e3o de Pessoas na Casar\u00e3o Im\u00f3veis - Blog da Casar\u00e3o\" \/>\n<meta property=\"og:description\" content=\"Arrisco dizer que os Equipamentos de Prote\u00e7\u00e3o Individual, EPIs, nunca tiveram uso t\u00e3o universal quanto neste contexto de pandemia. Chaves, carteira e celular subitamente passaram a ser acompanhados de luvas, protetores faciais, m\u00e1scaras e frascos de \u00e1lcool gel. Itens absolutamente necess\u00e1rios para conviver com os desafios impostos pela Covid-19, mas n\u00e3o os \u00fanicos.&nbsp;Na Casar\u00e3o, estivemos [&hellip;]\" \/>\n<meta property=\"og:url\" content=\"https:\/\/casaraoimoveis.com.br\/blog\/epis-da-gestao-de-pessoas\/\" \/>\n<meta property=\"og:site_name\" content=\"Blog da Casar\u00e3o\" \/>\n<meta property=\"article:publisher\" content=\"https:\/\/www.facebook.com\/CasaraoImoveis\/\" \/>\n<meta property=\"article:published_time\" content=\"2020-06-19T12:23:01+00:00\" \/>\n<meta property=\"article:modified_time\" content=\"2023-03-22T13:30:21+00:00\" \/>\n<meta property=\"og:image\" content=\"https:\/\/casaraoimoveis.com.br\/blog\/wp-content\/uploads\/2020\/06\/SAM_2685-scaled.jpg\" \/>\n\t<meta property=\"og:image:width\" content=\"2560\" \/>\n\t<meta property=\"og:image:height\" content=\"1707\" \/>\n\t<meta property=\"og:image:type\" content=\"image\/jpeg\" \/>\n<meta name=\"author\" content=\"Casar\u00e3o Im\u00f3veis\" \/>\n<meta name=\"twitter:card\" content=\"summary_large_image\" \/>\n<meta name=\"twitter:creator\" content=\"@casaraoimoveis\" \/>\n<meta name=\"twitter:site\" content=\"@casaraoimoveis\" \/>\n<meta name=\"twitter:label1\" content=\"Escrito por\" \/>\n\t<meta name=\"twitter:data1\" content=\"Casar\u00e3o Im\u00f3veis\" \/>\n\t<meta name=\"twitter:label2\" content=\"Est. tempo de leitura\" \/>\n\t<meta name=\"twitter:data2\" content=\"7 minutos\" \/>\n<script type=\"application\/ld+json\" class=\"yoast-schema-graph\">{\"@context\":\"https:\\\/\\\/schema.org\",\"@graph\":[{\"@type\":\"Article\",\"@id\":\"https:\\\/\\\/casaraoimoveis.com.br\\\/blog\\\/epis-da-gestao-de-pessoas\\\/#article\",\"isPartOf\":{\"@id\":\"https:\\\/\\\/casaraoimoveis.com.br\\\/blog\\\/epis-da-gestao-de-pessoas\\\/\"},\"author\":{\"name\":\"Casar\u00e3o Im\u00f3veis\",\"@id\":\"https:\\\/\\\/casaraoimoveis.com.br\\\/blog\\\/#\\\/schema\\\/person\\\/e16cef1fbb7c8a690c1fba0bbba4df2e\"},\"headline\":\"Conhe\u00e7a os EPIs da Gest\u00e3o de Pessoas na Casar\u00e3o Im\u00f3veis\",\"datePublished\":\"2020-06-19T12:23:01+00:00\",\"dateModified\":\"2023-03-22T13:30:21+00:00\",\"mainEntityOfPage\":{\"@id\":\"https:\\\/\\\/casaraoimoveis.com.br\\\/blog\\\/epis-da-gestao-de-pessoas\\\/\"},\"wordCount\":1213,\"commentCount\":5,\"publisher\":{\"@id\":\"https:\\\/\\\/casaraoimoveis.com.br\\\/blog\\\/#organization\"},\"image\":{\"@id\":\"https:\\\/\\\/casaraoimoveis.com.br\\\/blog\\\/epis-da-gestao-de-pessoas\\\/#primaryimage\"},\"thumbnailUrl\":\"https:\\\/\\\/casaraoimoveis.com.br\\\/blog\\\/wp-content\\\/uploads\\\/2020\\\/06\\\/SAM_2685-scaled.jpg\",\"articleSection\":[\"Acontece na Casar\u00e3o\",\"Institucional\"],\"inLanguage\":\"pt-BR\",\"potentialAction\":[{\"@type\":\"CommentAction\",\"name\":\"Comment\",\"target\":[\"https:\\\/\\\/casaraoimoveis.com.br\\\/blog\\\/epis-da-gestao-de-pessoas\\\/#respond\"]}]},{\"@type\":\"WebPage\",\"@id\":\"https:\\\/\\\/casaraoimoveis.com.br\\\/blog\\\/epis-da-gestao-de-pessoas\\\/\",\"url\":\"https:\\\/\\\/casaraoimoveis.com.br\\\/blog\\\/epis-da-gestao-de-pessoas\\\/\",\"name\":\"Conhe\u00e7a os EPIs da Gest\u00e3o de Pessoas na Casar\u00e3o Im\u00f3veis - Blog da Casar\u00e3o\",\"isPartOf\":{\"@id\":\"https:\\\/\\\/casaraoimoveis.com.br\\\/blog\\\/#website\"},\"primaryImageOfPage\":{\"@id\":\"https:\\\/\\\/casaraoimoveis.com.br\\\/blog\\\/epis-da-gestao-de-pessoas\\\/#primaryimage\"},\"image\":{\"@id\":\"https:\\\/\\\/casaraoimoveis.com.br\\\/blog\\\/epis-da-gestao-de-pessoas\\\/#primaryimage\"},\"thumbnailUrl\":\"https:\\\/\\\/casaraoimoveis.com.br\\\/blog\\\/wp-content\\\/uploads\\\/2020\\\/06\\\/SAM_2685-scaled.jpg\",\"datePublished\":\"2020-06-19T12:23:01+00:00\",\"dateModified\":\"2023-03-22T13:30:21+00:00\",\"breadcrumb\":{\"@id\":\"https:\\\/\\\/casaraoimoveis.com.br\\\/blog\\\/epis-da-gestao-de-pessoas\\\/#breadcrumb\"},\"inLanguage\":\"pt-BR\",\"potentialAction\":[{\"@type\":\"ReadAction\",\"target\":[\"https:\\\/\\\/casaraoimoveis.com.br\\\/blog\\\/epis-da-gestao-de-pessoas\\\/\"]}]},{\"@type\":\"ImageObject\",\"inLanguage\":\"pt-BR\",\"@id\":\"https:\\\/\\\/casaraoimoveis.com.br\\\/blog\\\/epis-da-gestao-de-pessoas\\\/#primaryimage\",\"url\":\"https:\\\/\\\/casaraoimoveis.com.br\\\/blog\\\/wp-content\\\/uploads\\\/2020\\\/06\\\/SAM_2685-scaled.jpg\",\"contentUrl\":\"https:\\\/\\\/casaraoimoveis.com.br\\\/blog\\\/wp-content\\\/uploads\\\/2020\\\/06\\\/SAM_2685-scaled.jpg\",\"width\":2560,\"height\":1707},{\"@type\":\"BreadcrumbList\",\"@id\":\"https:\\\/\\\/casaraoimoveis.com.br\\\/blog\\\/epis-da-gestao-de-pessoas\\\/#breadcrumb\",\"itemListElement\":[{\"@type\":\"ListItem\",\"position\":1,\"name\":\"In\u00edcio\",\"item\":\"https:\\\/\\\/casaraoimoveis.com.br\\\/blog\\\/\"},{\"@type\":\"ListItem\",\"position\":2,\"name\":\"Conhe\u00e7a os EPIs da Gest\u00e3o de Pessoas na Casar\u00e3o Im\u00f3veis\"}]},{\"@type\":\"WebSite\",\"@id\":\"https:\\\/\\\/casaraoimoveis.com.br\\\/blog\\\/#website\",\"url\":\"https:\\\/\\\/casaraoimoveis.com.br\\\/blog\\\/\",\"name\":\"Blog da Casar\u00e3o\",\"description\":\"Aqui tem um lugar pra voc\u00ea\",\"publisher\":{\"@id\":\"https:\\\/\\\/casaraoimoveis.com.br\\\/blog\\\/#organization\"},\"potentialAction\":[{\"@type\":\"SearchAction\",\"target\":{\"@type\":\"EntryPoint\",\"urlTemplate\":\"https:\\\/\\\/casaraoimoveis.com.br\\\/blog\\\/?s={search_term_string}\"},\"query-input\":{\"@type\":\"PropertyValueSpecification\",\"valueRequired\":true,\"valueName\":\"search_term_string\"}}],\"inLanguage\":\"pt-BR\"},{\"@type\":\"Organization\",\"@id\":\"https:\\\/\\\/casaraoimoveis.com.br\\\/blog\\\/#organization\",\"name\":\"Casar\u00e3o Im\u00f3veis\",\"url\":\"https:\\\/\\\/casaraoimoveis.com.br\\\/blog\\\/\",\"logo\":{\"@type\":\"ImageObject\",\"inLanguage\":\"pt-BR\",\"@id\":\"https:\\\/\\\/casaraoimoveis.com.br\\\/blog\\\/#\\\/schema\\\/logo\\\/image\\\/\",\"url\":\"https:\\\/\\\/casaraoimoveis.com.br\\\/blog\\\/wp-content\\\/uploads\\\/2023\\\/11\\\/cropped-marca_horizontal_.png\",\"contentUrl\":\"https:\\\/\\\/casaraoimoveis.com.br\\\/blog\\\/wp-content\\\/uploads\\\/2023\\\/11\\\/cropped-marca_horizontal_.png\",\"width\":678,\"height\":136,\"caption\":\"Casar\u00e3o Im\u00f3veis\"},\"image\":{\"@id\":\"https:\\\/\\\/casaraoimoveis.com.br\\\/blog\\\/#\\\/schema\\\/logo\\\/image\\\/\"},\"sameAs\":[\"https:\\\/\\\/www.facebook.com\\\/CasaraoImoveis\\\/\",\"https:\\\/\\\/x.com\\\/casaraoimoveis\",\"https:\\\/\\\/www.instagram.com\\\/casarao_imoveis\\\/\",\"https:\\\/\\\/www.linkedin.com\\\/company\\\/casar\u00e3o-im\u00f3veis\",\"https:\\\/\\\/www.youtube.com\\\/channel\\\/UCTAp0eq_KdwHwO46z4te6Cg\"]},{\"@type\":\"Person\",\"@id\":\"https:\\\/\\\/casaraoimoveis.com.br\\\/blog\\\/#\\\/schema\\\/person\\\/e16cef1fbb7c8a690c1fba0bbba4df2e\",\"name\":\"Casar\u00e3o Im\u00f3veis\",\"image\":{\"@type\":\"ImageObject\",\"inLanguage\":\"pt-BR\",\"@id\":\"https:\\\/\\\/secure.gravatar.com\\\/avatar\\\/7a1ddba970d9276940cc0f0b800e5caae3f2cffc53da4c2669c01171319f0c43?s=96&d=mm&r=g\",\"url\":\"https:\\\/\\\/secure.gravatar.com\\\/avatar\\\/7a1ddba970d9276940cc0f0b800e5caae3f2cffc53da4c2669c01171319f0c43?s=96&d=mm&r=g\",\"contentUrl\":\"https:\\\/\\\/secure.gravatar.com\\\/avatar\\\/7a1ddba970d9276940cc0f0b800e5caae3f2cffc53da4c2669c01171319f0c43?s=96&d=mm&r=g\",\"caption\":\"Casar\u00e3o Im\u00f3veis\"},\"url\":\"https:\\\/\\\/casaraoimoveis.com.br\\\/blog\\\/author\\\/k23kasm23k\\\/\"}]}<\/script>\n<!-- \/ Yoast SEO plugin. -->","yoast_head_json":{"title":"Conhe\u00e7a os EPIs da Gest\u00e3o de Pessoas na Casar\u00e3o Im\u00f3veis - Blog da Casar\u00e3o","robots":{"index":"index","follow":"follow","max-snippet":"max-snippet:-1","max-image-preview":"max-image-preview:large","max-video-preview":"max-video-preview:-1"},"canonical":"https:\/\/casaraoimoveis.com.br\/blog\/epis-da-gestao-de-pessoas\/","og_locale":"pt_BR","og_type":"article","og_title":"Conhe\u00e7a os EPIs da Gest\u00e3o de Pessoas na Casar\u00e3o Im\u00f3veis - Blog da Casar\u00e3o","og_description":"Arrisco dizer que os Equipamentos de Prote\u00e7\u00e3o Individual, EPIs, nunca tiveram uso t\u00e3o universal quanto neste contexto de pandemia. Chaves, carteira e celular subitamente passaram a ser acompanhados de luvas, protetores faciais, m\u00e1scaras e frascos de \u00e1lcool gel. Itens absolutamente necess\u00e1rios para conviver com os desafios impostos pela Covid-19, mas n\u00e3o os \u00fanicos.&nbsp;Na Casar\u00e3o, estivemos [&hellip;]","og_url":"https:\/\/casaraoimoveis.com.br\/blog\/epis-da-gestao-de-pessoas\/","og_site_name":"Blog da Casar\u00e3o","article_publisher":"https:\/\/www.facebook.com\/CasaraoImoveis\/","article_published_time":"2020-06-19T12:23:01+00:00","article_modified_time":"2023-03-22T13:30:21+00:00","og_image":[{"width":2560,"height":1707,"url":"https:\/\/casaraoimoveis.com.br\/blog\/wp-content\/uploads\/2020\/06\/SAM_2685-scaled.jpg","type":"image\/jpeg"}],"author":"Casar\u00e3o Im\u00f3veis","twitter_card":"summary_large_image","twitter_creator":"@casaraoimoveis","twitter_site":"@casaraoimoveis","twitter_misc":{"Escrito por":"Casar\u00e3o Im\u00f3veis","Est. tempo de leitura":"7 minutos"},"schema":{"@context":"https:\/\/schema.org","@graph":[{"@type":"Article","@id":"https:\/\/casaraoimoveis.com.br\/blog\/epis-da-gestao-de-pessoas\/#article","isPartOf":{"@id":"https:\/\/casaraoimoveis.com.br\/blog\/epis-da-gestao-de-pessoas\/"},"author":{"name":"Casar\u00e3o Im\u00f3veis","@id":"https:\/\/casaraoimoveis.com.br\/blog\/#\/schema\/person\/e16cef1fbb7c8a690c1fba0bbba4df2e"},"headline":"Conhe\u00e7a os EPIs da Gest\u00e3o de Pessoas na Casar\u00e3o Im\u00f3veis","datePublished":"2020-06-19T12:23:01+00:00","dateModified":"2023-03-22T13:30:21+00:00","mainEntityOfPage":{"@id":"https:\/\/casaraoimoveis.com.br\/blog\/epis-da-gestao-de-pessoas\/"},"wordCount":1213,"commentCount":5,"publisher":{"@id":"https:\/\/casaraoimoveis.com.br\/blog\/#organization"},"image":{"@id":"https:\/\/casaraoimoveis.com.br\/blog\/epis-da-gestao-de-pessoas\/#primaryimage"},"thumbnailUrl":"https:\/\/casaraoimoveis.com.br\/blog\/wp-content\/uploads\/2020\/06\/SAM_2685-scaled.jpg","articleSection":["Acontece na Casar\u00e3o","Institucional"],"inLanguage":"pt-BR","potentialAction":[{"@type":"CommentAction","name":"Comment","target":["https:\/\/casaraoimoveis.com.br\/blog\/epis-da-gestao-de-pessoas\/#respond"]}]},{"@type":"WebPage","@id":"https:\/\/casaraoimoveis.com.br\/blog\/epis-da-gestao-de-pessoas\/","url":"https:\/\/casaraoimoveis.com.br\/blog\/epis-da-gestao-de-pessoas\/","name":"Conhe\u00e7a os EPIs da Gest\u00e3o de Pessoas na Casar\u00e3o Im\u00f3veis - Blog da Casar\u00e3o","isPartOf":{"@id":"https:\/\/casaraoimoveis.com.br\/blog\/#website"},"primaryImageOfPage":{"@id":"https:\/\/casaraoimoveis.com.br\/blog\/epis-da-gestao-de-pessoas\/#primaryimage"},"image":{"@id":"https:\/\/casaraoimoveis.com.br\/blog\/epis-da-gestao-de-pessoas\/#primaryimage"},"thumbnailUrl":"https:\/\/casaraoimoveis.com.br\/blog\/wp-content\/uploads\/2020\/06\/SAM_2685-scaled.jpg","datePublished":"2020-06-19T12:23:01+00:00","dateModified":"2023-03-22T13:30:21+00:00","breadcrumb":{"@id":"https:\/\/casaraoimoveis.com.br\/blog\/epis-da-gestao-de-pessoas\/#breadcrumb"},"inLanguage":"pt-BR","potentialAction":[{"@type":"ReadAction","target":["https:\/\/casaraoimoveis.com.br\/blog\/epis-da-gestao-de-pessoas\/"]}]},{"@type":"ImageObject","inLanguage":"pt-BR","@id":"https:\/\/casaraoimoveis.com.br\/blog\/epis-da-gestao-de-pessoas\/#primaryimage","url":"https:\/\/casaraoimoveis.com.br\/blog\/wp-content\/uploads\/2020\/06\/SAM_2685-scaled.jpg","contentUrl":"https:\/\/casaraoimoveis.com.br\/blog\/wp-content\/uploads\/2020\/06\/SAM_2685-scaled.jpg","width":2560,"height":1707},{"@type":"BreadcrumbList","@id":"https:\/\/casaraoimoveis.com.br\/blog\/epis-da-gestao-de-pessoas\/#breadcrumb","itemListElement":[{"@type":"ListItem","position":1,"name":"In\u00edcio","item":"https:\/\/casaraoimoveis.com.br\/blog\/"},{"@type":"ListItem","position":2,"name":"Conhe\u00e7a os EPIs da Gest\u00e3o de Pessoas na Casar\u00e3o Im\u00f3veis"}]},{"@type":"WebSite","@id":"https:\/\/casaraoimoveis.com.br\/blog\/#website","url":"https:\/\/casaraoimoveis.com.br\/blog\/","name":"Blog da Casar\u00e3o","description":"Aqui tem um lugar pra voc\u00ea","publisher":{"@id":"https:\/\/casaraoimoveis.com.br\/blog\/#organization"},"potentialAction":[{"@type":"SearchAction","target":{"@type":"EntryPoint","urlTemplate":"https:\/\/casaraoimoveis.com.br\/blog\/?s={search_term_string}"},"query-input":{"@type":"PropertyValueSpecification","valueRequired":true,"valueName":"search_term_string"}}],"inLanguage":"pt-BR"},{"@type":"Organization","@id":"https:\/\/casaraoimoveis.com.br\/blog\/#organization","name":"Casar\u00e3o Im\u00f3veis","url":"https:\/\/casaraoimoveis.com.br\/blog\/","logo":{"@type":"ImageObject","inLanguage":"pt-BR","@id":"https:\/\/casaraoimoveis.com.br\/blog\/#\/schema\/logo\/image\/","url":"https:\/\/casaraoimoveis.com.br\/blog\/wp-content\/uploads\/2023\/11\/cropped-marca_horizontal_.png","contentUrl":"https:\/\/casaraoimoveis.com.br\/blog\/wp-content\/uploads\/2023\/11\/cropped-marca_horizontal_.png","width":678,"height":136,"caption":"Casar\u00e3o Im\u00f3veis"},"image":{"@id":"https:\/\/casaraoimoveis.com.br\/blog\/#\/schema\/logo\/image\/"},"sameAs":["https:\/\/www.facebook.com\/CasaraoImoveis\/","https:\/\/x.com\/casaraoimoveis","https:\/\/www.instagram.com\/casarao_imoveis\/","https:\/\/www.linkedin.com\/company\/casar\u00e3o-im\u00f3veis","https:\/\/www.youtube.com\/channel\/UCTAp0eq_KdwHwO46z4te6Cg"]},{"@type":"Person","@id":"https:\/\/casaraoimoveis.com.br\/blog\/#\/schema\/person\/e16cef1fbb7c8a690c1fba0bbba4df2e","name":"Casar\u00e3o Im\u00f3veis","image":{"@type":"ImageObject","inLanguage":"pt-BR","@id":"https:\/\/secure.gravatar.com\/avatar\/7a1ddba970d9276940cc0f0b800e5caae3f2cffc53da4c2669c01171319f0c43?s=96&d=mm&r=g","url":"https:\/\/secure.gravatar.com\/avatar\/7a1ddba970d9276940cc0f0b800e5caae3f2cffc53da4c2669c01171319f0c43?s=96&d=mm&r=g","contentUrl":"https:\/\/secure.gravatar.com\/avatar\/7a1ddba970d9276940cc0f0b800e5caae3f2cffc53da4c2669c01171319f0c43?s=96&d=mm&r=g","caption":"Casar\u00e3o Im\u00f3veis"},"url":"https:\/\/casaraoimoveis.com.br\/blog\/author\/k23kasm23k\/"}]}},"_links":{"self":[{"href":"https:\/\/casaraoimoveis.com.br\/blog\/wp-json\/wp\/v2\/posts\/2731","targetHints":{"allow":["GET"]}}],"collection":[{"href":"https:\/\/casaraoimoveis.com.br\/blog\/wp-json\/wp\/v2\/posts"}],"about":[{"href":"https:\/\/casaraoimoveis.com.br\/blog\/wp-json\/wp\/v2\/types\/post"}],"author":[{"embeddable":true,"href":"https:\/\/casaraoimoveis.com.br\/blog\/wp-json\/wp\/v2\/users\/1"}],"replies":[{"embeddable":true,"href":"https:\/\/casaraoimoveis.com.br\/blog\/wp-json\/wp\/v2\/comments?post=2731"}],"version-history":[{"count":22,"href":"https:\/\/casaraoimoveis.com.br\/blog\/wp-json\/wp\/v2\/posts\/2731\/revisions"}],"predecessor-version":[{"id":5499,"href":"https:\/\/casaraoimoveis.com.br\/blog\/wp-json\/wp\/v2\/posts\/2731\/revisions\/5499"}],"wp:featuredmedia":[{"embeddable":true,"href":"https:\/\/casaraoimoveis.com.br\/blog\/wp-json\/wp\/v2\/media\/2768"}],"wp:attachment":[{"href":"https:\/\/casaraoimoveis.com.br\/blog\/wp-json\/wp\/v2\/media?parent=2731"}],"wp:term":[{"taxonomy":"category","embeddable":true,"href":"https:\/\/casaraoimoveis.com.br\/blog\/wp-json\/wp\/v2\/categories?post=2731"},{"taxonomy":"post_tag","embeddable":true,"href":"https:\/\/casaraoimoveis.com.br\/blog\/wp-json\/wp\/v2\/tags?post=2731"}],"curies":[{"name":"wp","href":"https:\/\/api.w.org\/{rel}","templated":true}]}}