{"id":1965,"date":"2019-02-28T19:31:54","date_gmt":"2019-02-28T19:31:54","guid":{"rendered":"http:\/\/blog.casaraoimoveis.com.br\/?p=1965"},"modified":"2022-10-23T14:01:01","modified_gmt":"2022-10-23T17:01:01","slug":"casarao-imoveis-comemora-45-anos-de-historia","status":"publish","type":"post","link":"https:\/\/casaraoimoveis.com.br\/blog\/casarao-imoveis-comemora-45-anos-de-historia\/","title":{"rendered":"Casar\u00e3o Im\u00f3veis comemora 45 anos de hist\u00f3ria"},"content":{"rendered":"<p><span style=\"font-weight: 400;\">Nesta sexta-feira, 1\u00ba de mar\u00e7o de 2019, a <\/span><b>Casar\u00e3o Im\u00f3veis<\/b><span style=\"font-weight: 400;\"> completa 45 anos de hist\u00f3ria. Atingir essa marca \u00e9 uma grande conquista para qualquer empresa e, especialmente no mercado imobili\u00e1rio, \u00e9 sinal de <\/span><b>confian\u00e7a e respeito<\/b><span style=\"font-weight: 400;\"> pelo cliente \u2014 afinal, sem essas qualidades, o sucesso \u00e9 improv\u00e1vel.<\/span><\/p>\n<p><span style=\"font-weight: 400;\">Nessas quatro d\u00e9cadas e meia, a Casar\u00e3o se tornou refer\u00eancia na \u00e1rea. Com matriz em <\/span><a href=\"https:\/\/casaraoimoveis.com.br\/blog\/wp-content\/uploads\/2019\/02\/guia-sobre-pelotas\"><b>Pelotas<\/b><\/a><span style=\"font-weight: 400;\"> e escrit\u00f3rio tamb\u00e9m em<\/span><span style=\"font-weight: 400;\">\u00a0<\/span><a href=\"https:\/\/casaraoimoveis.com.br\/blog\/wp-content\/uploads\/2019\/02\/guia-sobre-santa-maria\"><span style=\"font-weight: 400;\">Santa Maria<\/span><\/a><span style=\"font-weight: 400;\">, \u00e9 uma das imobili\u00e1rias mais conceituadas do Rio Grande do Sul.<\/span><\/p>\n<p><iframe loading=\"lazy\" src=\"https:\/\/casaraoimoveis.com.br\/blog\/wp-content\/uploads\/2019\/02\/WjeuvnU9Hfs\" width=\"560\" height=\"315\" frameborder=\"0\" allowfullscreen=\"allowfullscreen\"><\/iframe><\/p>\n<p><span style=\"font-weight: 400;\">A Casar\u00e3o atua no aluguel, venda e financiamento de im\u00f3veis, na <\/span><a href=\"https:\/\/casaraoimoveis.com.br\/blog\/wp-content\/uploads\/2019\/02\/compliance-em-condominios\"><span style=\"font-weight: 400;\">administra\u00e7\u00e3o de condom\u00ednios<\/span><\/a><span style=\"font-weight: 400;\"> e possui uma corretora de seguros pr\u00f3pria. Para saber mais sobre os servi\u00e7os da empresa, leia o artigo <\/span><a href=\"https:\/\/casaraoimoveis.com.br\/blog\/wp-content\/uploads\/2019\/02\/o-que-e-a-casarao-imoveis\"><i><span style=\"font-weight: 400;\">O que \u00e9 a Casar\u00e3o Im\u00f3veis<\/span><\/i><\/a><span style=\"font-weight: 400;\">.<\/span><\/p>\n<p><span style=\"font-weight: 400;\">Mas se voc\u00ea quiser conhecer de verdade o que torna essa imobili\u00e1ria especial al\u00e9m de seus 45 anos de hist\u00f3ria, n\u00e3o basta apenas saber o que ela faz, e sim compreender as motiva\u00e7\u00f5es que est\u00e3o por tr\u00e1s de tudo: a <\/span><b>paix\u00e3o por encantar e inovar<\/b><span style=\"font-weight: 400;\">.<\/span><\/p>\n<p><span style=\"font-weight: 400;\">Antes de falar mais sobre isso, vale a pena relembrar o passado e revisitar a hist\u00f3ria da Casar\u00e3o.<\/span><\/p>\n<h2><span style=\"font-weight: 400;\">Hist\u00f3ria da Casar\u00e3o Im\u00f3veis<\/span><\/h2>\n<p><span style=\"font-weight: 400;\">A Casar\u00e3o Im\u00f3veis surgiu em Pelotas, em 1974. Desde o in\u00edcio, atuou com a premissa de manter um relacionamento pr\u00f3ximo e humano com seus clientes, reconhecendo que a rela\u00e7\u00e3o entre o im\u00f3vel e seu propriet\u00e1rio ou inquilino \u00e9 especial.<\/span><\/p>\n<p><span style=\"font-weight: 400;\">A empresa foi fundada por <\/span><b>S\u00e9rgio Abreu Neves e Maria Alice Aleixo Neves<\/b><span style=\"font-weight: 400;\">, em uma \u00e9poca na qual o costume era que os im\u00f3veis fossem administrados pelos propriet\u00e1rios, por conta pr\u00f3pria. Nesse cen\u00e1rio, o casal encontrou no ramo imobili\u00e1rio um campo f\u00e9rtil.<\/span><\/p>\n<p><span style=\"font-weight: 400;\">Um ano antes de se formar em Direito, S\u00e9rgio abriu um escrit\u00f3rio de advocacia com seu colega, o j\u00e1 falecido Joaquim Jos\u00e9 de Assump\u00e7\u00e3o Os\u00f3rio. &#8220;Na \u00e9poca, foram me dados dois invent\u00e1rios muito bons. Nos dois, a coincid\u00eancia \u00e9 que havia morrido o esposo e ficado a vi\u00fava&#8221;, relembra S\u00e9rgio.<\/span><\/p>\n<p><span style=\"font-weight: 400;\">Assim, a Casar\u00e3o nasceu, segundo ele, praticamente a partir de um pedido dos propriet\u00e1rios, que n\u00e3o sabiam <\/span><a href=\"https:\/\/casaraoimoveis.com.br\/blog\/wp-content\/uploads\/2019\/02\/como-escolher-imobiliaria-certa\"><span style=\"font-weight: 400;\">administrar seus im\u00f3veis<\/span><\/a><span style=\"font-weight: 400;\"> e pediam para que os advogados os substitu\u00edssem nessa tarefa.<\/span><\/p>\n<p><span style=\"font-weight: 400;\">Para que o mercado se desenvolvesse de fato, por\u00e9m, foi uma luta. Com a exce\u00e7\u00e3o dos clientes que motivaram a cria\u00e7\u00e3o da imobili\u00e1ria, a maioria dos pelotenses n\u00e3o aceitavam que terceiros administrassem seus im\u00f3veis. &#8220;Foi uma luta, a gente fez muita propaganda na imprensa para, aos poucos, vencer essa resist\u00eancia&#8221;, recorda S\u00e9rgio.<\/span><\/p>\n<h2><span style=\"font-weight: 400;\">Criatividade e inova\u00e7\u00e3o<\/span><\/h2>\n<p><span style=\"font-weight: 400;\">Uma das principais caracter\u00edsticas que torna a Casar\u00e3o Im\u00f3veis especial \u00e9 que seus fundadores e os atuais diretores compreendem a import\u00e2ncia de n\u00e3o ficar parado no tempo. Sem perder a ess\u00eancia do cuidado com o cliente, a empresa est\u00e1 constantemente se adaptando e <\/span><b>atualizando<\/b><span style=\"font-weight: 400;\">.<\/span><\/p>\n<p><span style=\"font-weight: 400;\">&#8220;Procuramos nos reinventar diariamente, na busca de novas pr\u00e1ticas, melhorias de processos e tecnologias, buscando proporcionar a melhor experi\u00eancia poss\u00edvel ao nosso cliente&#8221;, explica o diretor Jo\u00e3o Pedro Neves.<\/span><\/p>\n<p><span style=\"font-weight: 400;\">Entre as tecnologias e pr\u00e1ticas inovadoras da Casar\u00e3o que facilitam a vida dos clientes, podemos citar:<\/span><\/p>\n<ul>\n<li style=\"font-weight: 400;\"><a href=\"https:\/\/casaraoimoveis.com.br\/blog\/wp-content\/uploads\/2019\/02\/aplicativo-da-casarao-imoveis\"><span style=\"font-weight: 400;\">Aplicativos para dispositivos m\u00f3veis<\/span><\/a><span style=\"font-weight: 400;\">;<\/span><\/li>\n<li style=\"font-weight: 400;\"><a href=\"https:\/\/casaraoimoveis.com.br\/blog\/wp-content\/uploads\/2019\/02\/alugar-um-imovel\"><span style=\"font-weight: 400;\">Tour virtual<\/span><\/a><span style=\"font-weight: 400;\"> nos im\u00f3veis, com fotos 360\u00ba e v\u00eddeos feitos por drones;<\/span><\/li>\n<li style=\"font-weight: 400;\"><a href=\"https:\/\/casaraoimoveis.com.br\/blog\/wp-content\/uploads\/2019\/02\/inquilinos-atestam-facilidades\"><span style=\"font-weight: 400;\">Assinatura digital<\/span><\/a><span style=\"font-weight: 400;\"> de contratos;<\/span><\/li>\n<li style=\"font-weight: 400;\"><a href=\"https:\/\/casaraoimoveis.com.br\/blog\/wp-content\/uploads\/2019\/02\/aluguel-sem-fiador-beneficios-ao-proprietario\"><span style=\"font-weight: 400;\">Aluguel sem fiador<\/span><\/a><span style=\"font-weight: 400;\">;<\/span><\/li>\n<li style=\"font-weight: 400;\"><a href=\"https:\/\/casaraoimoveis.com.br\/blog\/wp-content\/uploads\/2019\/02\/mundo-casarao-vantagens\"><span style=\"font-weight: 400;\">Clube de vantagens Mundo Casar\u00e3o<\/span><\/a><span style=\"font-weight: 400;\">.<\/span><\/li>\n<\/ul>\n<p><span style=\"font-weight: 400;\">\u00c9 importante destacar que a Casar\u00e3o n\u00e3o se preocupa apenas com a satisfa\u00e7\u00e3o de seus clientes, mas tamb\u00e9m de seus colaboradores. &#8220;A Casar\u00e3o \u00e9 uma empresa que come\u00e7ou na fam\u00edlia e foi se profissionalizando. Mas ela n\u00e3o nos tirou aquela sensa\u00e7\u00e3o que a gente tem de fam\u00edlia entre n\u00f3s, diretores e funcion\u00e1rios&#8221;, garante o diretor Luis Ot\u00e1vio Neves.<\/span><\/p>\n<p><span style=\"font-weight: 400;\">Com cerca de 100 colaboradores, entre funcion\u00e1rios e corretores aut\u00f4nomos, a empresa empenha esfor\u00e7os para se tornar cada vez mais <\/span><b>colaborativa<\/b><span style=\"font-weight: 400;\">. Para entender melhor o que isso quer dizer, leia o post <\/span><a href=\"https:\/\/casaraoimoveis.com.br\/blog\/wp-content\/uploads\/2019\/02\/gestao-colaborativa\"><i><span style=\"font-weight: 400;\">Gest\u00e3o colaborativa na Casar\u00e3o<\/span><\/i><\/a><span style=\"font-weight: 400;\">.<\/span><\/p>\n<p><span style=\"font-weight: 400;\">Para se tornar uma refer\u00eancia na \u00e1rea, a Casar\u00e3o acredita que n\u00e3o basta apenas ser eficiente, \u00e9 preciso ser humano, estar atento ao futuro e promover o crescimento a partir da inova\u00e7\u00e3o. \u00c9 essa a receita que permitiu 45 anos de sucesso.<\/span><\/p>\n<p><span style=\"font-weight: 400;\">Quer saber mais sobre nosso trabalho? <\/span><a href=\"https:\/\/casaraoimoveis.com.br\/fale-conosco\"><b>Fale conosco<\/b><\/a><span style=\"font-weight: 400;\">.<\/span><\/p>\n","protected":false},"excerpt":{"rendered":"<p>Nesta sexta-feira, 1\u00ba de mar\u00e7o de 2019, a Casar\u00e3o Im\u00f3veis completa 45 anos de hist\u00f3ria. Atingir essa marca \u00e9 uma grande conquista para qualquer empresa e, especialmente no mercado imobili\u00e1rio, \u00e9 sinal de confian\u00e7a e respeito pelo cliente \u2014 afinal, sem essas qualidades, o sucesso \u00e9 improv\u00e1vel. Nessas quatro d\u00e9cadas e meia, a Casar\u00e3o se [&hellip;]<\/p>\n","protected":false},"author":6,"featured_media":1966,"comment_status":"open","ping_status":"open","sticky":true,"template":"","format":"standard","meta":{"footnotes":""},"categories":[117,88,153,154,104,149,139,6,1,87,140,148],"tags":[],"class_list":{"0":"post-1965","1":"post","2":"type-post","3":"status-publish","4":"format-standard","5":"has-post-thumbnail","7":"category-acontece-na-casarao","8":"category-aluguel","9":"category-aluguel-inquilino","10":"category-aluguel-proprietario","11":"category-compra-ou-venda-de-imoveis","12":"category-condominio","13":"category-dicas-aluguel","14":"category-dicas","15":"category-ebooks","16":"category-estudantes","17":"category-financiamento","18":"category-proprietario","19":"czr-hentry"},"yoast_head":"<!-- This site is optimized with the Yoast SEO plugin v27.4 - https:\/\/yoast.com\/product\/yoast-seo-wordpress\/ -->\n<title>Casar\u00e3o Im\u00f3veis comemora 45 anos de hist\u00f3ria - Blog da Casar\u00e3o<\/title>\n<meta name=\"description\" content=\"Desde 1974, a Casar\u00e3o Im\u00f3veis sempre prezou pelo respeito e cuidado com clientes e colaboradores. Essa \u00e9 a receita que permitiu \u00e0 empresa se tornar refer\u00eancia na \u00e1rea na regi\u00e3o Sul do Brasil. Acesse e saiba mais.\" \/>\n<meta name=\"robots\" content=\"index, follow, max-snippet:-1, max-image-preview:large, max-video-preview:-1\" \/>\n<link rel=\"canonical\" href=\"https:\/\/casaraoimoveis.com.br\/blog\/casarao-imoveis-comemora-45-anos-de-historia\/\" \/>\n<meta property=\"og:locale\" content=\"pt_BR\" \/>\n<meta property=\"og:type\" content=\"article\" \/>\n<meta property=\"og:title\" content=\"Casar\u00e3o Im\u00f3veis comemora 45 anos de hist\u00f3ria - Blog da Casar\u00e3o\" \/>\n<meta property=\"og:description\" content=\"Desde 1974, a Casar\u00e3o Im\u00f3veis sempre prezou pelo respeito e cuidado com clientes e colaboradores. Essa \u00e9 a receita que permitiu \u00e0 empresa se tornar refer\u00eancia na \u00e1rea na regi\u00e3o Sul do Brasil. Acesse e saiba mais.\" \/>\n<meta property=\"og:url\" content=\"https:\/\/casaraoimoveis.com.br\/blog\/casarao-imoveis-comemora-45-anos-de-historia\/\" \/>\n<meta property=\"og:site_name\" content=\"Blog da Casar\u00e3o\" \/>\n<meta property=\"article:publisher\" content=\"https:\/\/www.facebook.com\/CasaraoImoveis\/\" \/>\n<meta property=\"article:published_time\" content=\"2019-02-28T19:31:54+00:00\" \/>\n<meta property=\"article:modified_time\" content=\"2022-10-23T17:01:01+00:00\" \/>\n<meta property=\"og:image\" content=\"https:\/\/blogcasarao.s3.amazonaws.com\/blog\/wp-content\/uploads\/2019\/02\/Hist\u00f3ria-Casar\u00e3o-Im\u00f3veis.jpg\" \/>\n\t<meta property=\"og:image:width\" content=\"1366\" \/>\n\t<meta property=\"og:image:height\" content=\"768\" \/>\n\t<meta property=\"og:image:type\" content=\"image\/jpeg\" \/>\n<meta name=\"author\" content=\"Marketing Casar\u00e3o\" \/>\n<meta name=\"twitter:card\" content=\"summary_large_image\" \/>\n<meta name=\"twitter:creator\" content=\"@casaraoimoveis\" \/>\n<meta name=\"twitter:site\" content=\"@casaraoimoveis\" \/>\n<meta name=\"twitter:label1\" content=\"Escrito por\" \/>\n\t<meta name=\"twitter:data1\" content=\"Marketing Casar\u00e3o\" \/>\n\t<meta name=\"twitter:label2\" content=\"Est. tempo de leitura\" \/>\n\t<meta name=\"twitter:data2\" content=\"4 minutos\" \/>\n<script type=\"application\/ld+json\" class=\"yoast-schema-graph\">{\"@context\":\"https:\\\/\\\/schema.org\",\"@graph\":[{\"@type\":\"Article\",\"@id\":\"https:\\\/\\\/casaraoimoveis.com.br\\\/blog\\\/casarao-imoveis-comemora-45-anos-de-historia\\\/#article\",\"isPartOf\":{\"@id\":\"https:\\\/\\\/casaraoimoveis.com.br\\\/blog\\\/casarao-imoveis-comemora-45-anos-de-historia\\\/\"},\"author\":{\"name\":\"Marketing Casar\u00e3o\",\"@id\":\"https:\\\/\\\/casaraoimoveis.com.br\\\/blog\\\/#\\\/schema\\\/person\\\/2534db74779d8a964faa9a0c48034be9\"},\"headline\":\"Casar\u00e3o Im\u00f3veis comemora 45 anos de hist\u00f3ria\",\"datePublished\":\"2019-02-28T19:31:54+00:00\",\"dateModified\":\"2022-10-23T17:01:01+00:00\",\"mainEntityOfPage\":{\"@id\":\"https:\\\/\\\/casaraoimoveis.com.br\\\/blog\\\/casarao-imoveis-comemora-45-anos-de-historia\\\/\"},\"wordCount\":758,\"commentCount\":10,\"publisher\":{\"@id\":\"https:\\\/\\\/casaraoimoveis.com.br\\\/blog\\\/#organization\"},\"image\":{\"@id\":\"https:\\\/\\\/casaraoimoveis.com.br\\\/blog\\\/casarao-imoveis-comemora-45-anos-de-historia\\\/#primaryimage\"},\"thumbnailUrl\":\"https:\\\/\\\/casaraoimoveis.com.br\\\/blog\\\/wp-content\\\/uploads\\\/2019\\\/02\\\/Hist\u00f3ria-Casar\u00e3o-Im\u00f3veis.jpg\",\"articleSection\":[\"Acontece na Casar\u00e3o\",\"Aluguel\",\"Aluguel Inquilino\",\"Aluguel Propriet\u00e1rio\",\"Compra ou venda de im\u00f3veis\",\"Condom\u00ednio\",\"Dicas aluguel\",\"Dicas vendas\",\"Ebooks\",\"Estudantes\",\"Financiamento\",\"Propriet\u00e1rio\"],\"inLanguage\":\"pt-BR\",\"potentialAction\":[{\"@type\":\"CommentAction\",\"name\":\"Comment\",\"target\":[\"https:\\\/\\\/casaraoimoveis.com.br\\\/blog\\\/casarao-imoveis-comemora-45-anos-de-historia\\\/#respond\"]}]},{\"@type\":\"WebPage\",\"@id\":\"https:\\\/\\\/casaraoimoveis.com.br\\\/blog\\\/casarao-imoveis-comemora-45-anos-de-historia\\\/\",\"url\":\"https:\\\/\\\/casaraoimoveis.com.br\\\/blog\\\/casarao-imoveis-comemora-45-anos-de-historia\\\/\",\"name\":\"Casar\u00e3o Im\u00f3veis comemora 45 anos de hist\u00f3ria - Blog da Casar\u00e3o\",\"isPartOf\":{\"@id\":\"https:\\\/\\\/casaraoimoveis.com.br\\\/blog\\\/#website\"},\"primaryImageOfPage\":{\"@id\":\"https:\\\/\\\/casaraoimoveis.com.br\\\/blog\\\/casarao-imoveis-comemora-45-anos-de-historia\\\/#primaryimage\"},\"image\":{\"@id\":\"https:\\\/\\\/casaraoimoveis.com.br\\\/blog\\\/casarao-imoveis-comemora-45-anos-de-historia\\\/#primaryimage\"},\"thumbnailUrl\":\"https:\\\/\\\/casaraoimoveis.com.br\\\/blog\\\/wp-content\\\/uploads\\\/2019\\\/02\\\/Hist\u00f3ria-Casar\u00e3o-Im\u00f3veis.jpg\",\"datePublished\":\"2019-02-28T19:31:54+00:00\",\"dateModified\":\"2022-10-23T17:01:01+00:00\",\"description\":\"Desde 1974, a Casar\u00e3o Im\u00f3veis sempre prezou pelo respeito e cuidado com clientes e colaboradores. Essa \u00e9 a receita que permitiu \u00e0 empresa se tornar refer\u00eancia na \u00e1rea na regi\u00e3o Sul do Brasil. Acesse e saiba mais.\",\"breadcrumb\":{\"@id\":\"https:\\\/\\\/casaraoimoveis.com.br\\\/blog\\\/casarao-imoveis-comemora-45-anos-de-historia\\\/#breadcrumb\"},\"inLanguage\":\"pt-BR\",\"potentialAction\":[{\"@type\":\"ReadAction\",\"target\":[\"https:\\\/\\\/casaraoimoveis.com.br\\\/blog\\\/casarao-imoveis-comemora-45-anos-de-historia\\\/\"]}]},{\"@type\":\"ImageObject\",\"inLanguage\":\"pt-BR\",\"@id\":\"https:\\\/\\\/casaraoimoveis.com.br\\\/blog\\\/casarao-imoveis-comemora-45-anos-de-historia\\\/#primaryimage\",\"url\":\"https:\\\/\\\/casaraoimoveis.com.br\\\/blog\\\/wp-content\\\/uploads\\\/2019\\\/02\\\/Hist\u00f3ria-Casar\u00e3o-Im\u00f3veis.jpg\",\"contentUrl\":\"https:\\\/\\\/casaraoimoveis.com.br\\\/blog\\\/wp-content\\\/uploads\\\/2019\\\/02\\\/Hist\u00f3ria-Casar\u00e3o-Im\u00f3veis.jpg\",\"width\":1366,\"height\":768},{\"@type\":\"BreadcrumbList\",\"@id\":\"https:\\\/\\\/casaraoimoveis.com.br\\\/blog\\\/casarao-imoveis-comemora-45-anos-de-historia\\\/#breadcrumb\",\"itemListElement\":[{\"@type\":\"ListItem\",\"position\":1,\"name\":\"In\u00edcio\",\"item\":\"https:\\\/\\\/casaraoimoveis.com.br\\\/blog\\\/\"},{\"@type\":\"ListItem\",\"position\":2,\"name\":\"Casar\u00e3o Im\u00f3veis comemora 45 anos de hist\u00f3ria\"}]},{\"@type\":\"WebSite\",\"@id\":\"https:\\\/\\\/casaraoimoveis.com.br\\\/blog\\\/#website\",\"url\":\"https:\\\/\\\/casaraoimoveis.com.br\\\/blog\\\/\",\"name\":\"Blog da Casar\u00e3o\",\"description\":\"Aqui tem um lugar pra voc\u00ea\",\"publisher\":{\"@id\":\"https:\\\/\\\/casaraoimoveis.com.br\\\/blog\\\/#organization\"},\"potentialAction\":[{\"@type\":\"SearchAction\",\"target\":{\"@type\":\"EntryPoint\",\"urlTemplate\":\"https:\\\/\\\/casaraoimoveis.com.br\\\/blog\\\/?s={search_term_string}\"},\"query-input\":{\"@type\":\"PropertyValueSpecification\",\"valueRequired\":true,\"valueName\":\"search_term_string\"}}],\"inLanguage\":\"pt-BR\"},{\"@type\":\"Organization\",\"@id\":\"https:\\\/\\\/casaraoimoveis.com.br\\\/blog\\\/#organization\",\"name\":\"Casar\u00e3o Im\u00f3veis\",\"url\":\"https:\\\/\\\/casaraoimoveis.com.br\\\/blog\\\/\",\"logo\":{\"@type\":\"ImageObject\",\"inLanguage\":\"pt-BR\",\"@id\":\"https:\\\/\\\/casaraoimoveis.com.br\\\/blog\\\/#\\\/schema\\\/logo\\\/image\\\/\",\"url\":\"https:\\\/\\\/casaraoimoveis.com.br\\\/blog\\\/wp-content\\\/uploads\\\/2023\\\/11\\\/cropped-marca_horizontal_.png\",\"contentUrl\":\"https:\\\/\\\/casaraoimoveis.com.br\\\/blog\\\/wp-content\\\/uploads\\\/2023\\\/11\\\/cropped-marca_horizontal_.png\",\"width\":678,\"height\":136,\"caption\":\"Casar\u00e3o Im\u00f3veis\"},\"image\":{\"@id\":\"https:\\\/\\\/casaraoimoveis.com.br\\\/blog\\\/#\\\/schema\\\/logo\\\/image\\\/\"},\"sameAs\":[\"https:\\\/\\\/www.facebook.com\\\/CasaraoImoveis\\\/\",\"https:\\\/\\\/x.com\\\/casaraoimoveis\",\"https:\\\/\\\/www.instagram.com\\\/casarao_imoveis\\\/\",\"https:\\\/\\\/www.linkedin.com\\\/company\\\/casar\u00e3o-im\u00f3veis\",\"https:\\\/\\\/www.youtube.com\\\/channel\\\/UCTAp0eq_KdwHwO46z4te6Cg\"]},{\"@type\":\"Person\",\"@id\":\"https:\\\/\\\/casaraoimoveis.com.br\\\/blog\\\/#\\\/schema\\\/person\\\/2534db74779d8a964faa9a0c48034be9\",\"name\":\"Marketing Casar\u00e3o\",\"image\":{\"@type\":\"ImageObject\",\"inLanguage\":\"pt-BR\",\"@id\":\"https:\\\/\\\/secure.gravatar.com\\\/avatar\\\/f4bdc26f96b00fca29787d7ccf30f163cdf3f5da541e317aced1fddb1a88aff6?s=96&d=mm&r=g\",\"url\":\"https:\\\/\\\/secure.gravatar.com\\\/avatar\\\/f4bdc26f96b00fca29787d7ccf30f163cdf3f5da541e317aced1fddb1a88aff6?s=96&d=mm&r=g\",\"contentUrl\":\"https:\\\/\\\/secure.gravatar.com\\\/avatar\\\/f4bdc26f96b00fca29787d7ccf30f163cdf3f5da541e317aced1fddb1a88aff6?s=96&d=mm&r=g\",\"caption\":\"Marketing Casar\u00e3o\"},\"sameAs\":[\"http:\\\/\\\/www.incomum.in\"],\"url\":\"https:\\\/\\\/casaraoimoveis.com.br\\\/blog\\\/author\\\/anabachiega\\\/\"}]}<\/script>\n<!-- \/ Yoast SEO plugin. -->","yoast_head_json":{"title":"Casar\u00e3o Im\u00f3veis comemora 45 anos de hist\u00f3ria - Blog da Casar\u00e3o","description":"Desde 1974, a Casar\u00e3o Im\u00f3veis sempre prezou pelo respeito e cuidado com clientes e colaboradores. Essa \u00e9 a receita que permitiu \u00e0 empresa se tornar refer\u00eancia na \u00e1rea na regi\u00e3o Sul do Brasil. Acesse e saiba mais.","robots":{"index":"index","follow":"follow","max-snippet":"max-snippet:-1","max-image-preview":"max-image-preview:large","max-video-preview":"max-video-preview:-1"},"canonical":"https:\/\/casaraoimoveis.com.br\/blog\/casarao-imoveis-comemora-45-anos-de-historia\/","og_locale":"pt_BR","og_type":"article","og_title":"Casar\u00e3o Im\u00f3veis comemora 45 anos de hist\u00f3ria - Blog da Casar\u00e3o","og_description":"Desde 1974, a Casar\u00e3o Im\u00f3veis sempre prezou pelo respeito e cuidado com clientes e colaboradores. Essa \u00e9 a receita que permitiu \u00e0 empresa se tornar refer\u00eancia na \u00e1rea na regi\u00e3o Sul do Brasil. Acesse e saiba mais.","og_url":"https:\/\/casaraoimoveis.com.br\/blog\/casarao-imoveis-comemora-45-anos-de-historia\/","og_site_name":"Blog da Casar\u00e3o","article_publisher":"https:\/\/www.facebook.com\/CasaraoImoveis\/","article_published_time":"2019-02-28T19:31:54+00:00","article_modified_time":"2022-10-23T17:01:01+00:00","og_image":[{"width":1366,"height":768,"url":"https:\/\/blogcasarao.s3.amazonaws.com\/blog\/wp-content\/uploads\/2019\/02\/Hist\u00f3ria-Casar\u00e3o-Im\u00f3veis.jpg","type":"image\/jpeg"}],"author":"Marketing Casar\u00e3o","twitter_card":"summary_large_image","twitter_creator":"@casaraoimoveis","twitter_site":"@casaraoimoveis","twitter_misc":{"Escrito por":"Marketing Casar\u00e3o","Est. tempo de leitura":"4 minutos"},"schema":{"@context":"https:\/\/schema.org","@graph":[{"@type":"Article","@id":"https:\/\/casaraoimoveis.com.br\/blog\/casarao-imoveis-comemora-45-anos-de-historia\/#article","isPartOf":{"@id":"https:\/\/casaraoimoveis.com.br\/blog\/casarao-imoveis-comemora-45-anos-de-historia\/"},"author":{"name":"Marketing Casar\u00e3o","@id":"https:\/\/casaraoimoveis.com.br\/blog\/#\/schema\/person\/2534db74779d8a964faa9a0c48034be9"},"headline":"Casar\u00e3o Im\u00f3veis comemora 45 anos de hist\u00f3ria","datePublished":"2019-02-28T19:31:54+00:00","dateModified":"2022-10-23T17:01:01+00:00","mainEntityOfPage":{"@id":"https:\/\/casaraoimoveis.com.br\/blog\/casarao-imoveis-comemora-45-anos-de-historia\/"},"wordCount":758,"commentCount":10,"publisher":{"@id":"https:\/\/casaraoimoveis.com.br\/blog\/#organization"},"image":{"@id":"https:\/\/casaraoimoveis.com.br\/blog\/casarao-imoveis-comemora-45-anos-de-historia\/#primaryimage"},"thumbnailUrl":"https:\/\/casaraoimoveis.com.br\/blog\/wp-content\/uploads\/2019\/02\/Hist\u00f3ria-Casar\u00e3o-Im\u00f3veis.jpg","articleSection":["Acontece na Casar\u00e3o","Aluguel","Aluguel Inquilino","Aluguel Propriet\u00e1rio","Compra ou venda de im\u00f3veis","Condom\u00ednio","Dicas aluguel","Dicas vendas","Ebooks","Estudantes","Financiamento","Propriet\u00e1rio"],"inLanguage":"pt-BR","potentialAction":[{"@type":"CommentAction","name":"Comment","target":["https:\/\/casaraoimoveis.com.br\/blog\/casarao-imoveis-comemora-45-anos-de-historia\/#respond"]}]},{"@type":"WebPage","@id":"https:\/\/casaraoimoveis.com.br\/blog\/casarao-imoveis-comemora-45-anos-de-historia\/","url":"https:\/\/casaraoimoveis.com.br\/blog\/casarao-imoveis-comemora-45-anos-de-historia\/","name":"Casar\u00e3o Im\u00f3veis comemora 45 anos de hist\u00f3ria - Blog da Casar\u00e3o","isPartOf":{"@id":"https:\/\/casaraoimoveis.com.br\/blog\/#website"},"primaryImageOfPage":{"@id":"https:\/\/casaraoimoveis.com.br\/blog\/casarao-imoveis-comemora-45-anos-de-historia\/#primaryimage"},"image":{"@id":"https:\/\/casaraoimoveis.com.br\/blog\/casarao-imoveis-comemora-45-anos-de-historia\/#primaryimage"},"thumbnailUrl":"https:\/\/casaraoimoveis.com.br\/blog\/wp-content\/uploads\/2019\/02\/Hist\u00f3ria-Casar\u00e3o-Im\u00f3veis.jpg","datePublished":"2019-02-28T19:31:54+00:00","dateModified":"2022-10-23T17:01:01+00:00","description":"Desde 1974, a Casar\u00e3o Im\u00f3veis sempre prezou pelo respeito e cuidado com clientes e colaboradores. Essa \u00e9 a receita que permitiu \u00e0 empresa se tornar refer\u00eancia na \u00e1rea na regi\u00e3o Sul do Brasil. Acesse e saiba mais.","breadcrumb":{"@id":"https:\/\/casaraoimoveis.com.br\/blog\/casarao-imoveis-comemora-45-anos-de-historia\/#breadcrumb"},"inLanguage":"pt-BR","potentialAction":[{"@type":"ReadAction","target":["https:\/\/casaraoimoveis.com.br\/blog\/casarao-imoveis-comemora-45-anos-de-historia\/"]}]},{"@type":"ImageObject","inLanguage":"pt-BR","@id":"https:\/\/casaraoimoveis.com.br\/blog\/casarao-imoveis-comemora-45-anos-de-historia\/#primaryimage","url":"https:\/\/casaraoimoveis.com.br\/blog\/wp-content\/uploads\/2019\/02\/Hist\u00f3ria-Casar\u00e3o-Im\u00f3veis.jpg","contentUrl":"https:\/\/casaraoimoveis.com.br\/blog\/wp-content\/uploads\/2019\/02\/Hist\u00f3ria-Casar\u00e3o-Im\u00f3veis.jpg","width":1366,"height":768},{"@type":"BreadcrumbList","@id":"https:\/\/casaraoimoveis.com.br\/blog\/casarao-imoveis-comemora-45-anos-de-historia\/#breadcrumb","itemListElement":[{"@type":"ListItem","position":1,"name":"In\u00edcio","item":"https:\/\/casaraoimoveis.com.br\/blog\/"},{"@type":"ListItem","position":2,"name":"Casar\u00e3o Im\u00f3veis comemora 45 anos de hist\u00f3ria"}]},{"@type":"WebSite","@id":"https:\/\/casaraoimoveis.com.br\/blog\/#website","url":"https:\/\/casaraoimoveis.com.br\/blog\/","name":"Blog da Casar\u00e3o","description":"Aqui tem um lugar pra voc\u00ea","publisher":{"@id":"https:\/\/casaraoimoveis.com.br\/blog\/#organization"},"potentialAction":[{"@type":"SearchAction","target":{"@type":"EntryPoint","urlTemplate":"https:\/\/casaraoimoveis.com.br\/blog\/?s={search_term_string}"},"query-input":{"@type":"PropertyValueSpecification","valueRequired":true,"valueName":"search_term_string"}}],"inLanguage":"pt-BR"},{"@type":"Organization","@id":"https:\/\/casaraoimoveis.com.br\/blog\/#organization","name":"Casar\u00e3o Im\u00f3veis","url":"https:\/\/casaraoimoveis.com.br\/blog\/","logo":{"@type":"ImageObject","inLanguage":"pt-BR","@id":"https:\/\/casaraoimoveis.com.br\/blog\/#\/schema\/logo\/image\/","url":"https:\/\/casaraoimoveis.com.br\/blog\/wp-content\/uploads\/2023\/11\/cropped-marca_horizontal_.png","contentUrl":"https:\/\/casaraoimoveis.com.br\/blog\/wp-content\/uploads\/2023\/11\/cropped-marca_horizontal_.png","width":678,"height":136,"caption":"Casar\u00e3o Im\u00f3veis"},"image":{"@id":"https:\/\/casaraoimoveis.com.br\/blog\/#\/schema\/logo\/image\/"},"sameAs":["https:\/\/www.facebook.com\/CasaraoImoveis\/","https:\/\/x.com\/casaraoimoveis","https:\/\/www.instagram.com\/casarao_imoveis\/","https:\/\/www.linkedin.com\/company\/casar\u00e3o-im\u00f3veis","https:\/\/www.youtube.com\/channel\/UCTAp0eq_KdwHwO46z4te6Cg"]},{"@type":"Person","@id":"https:\/\/casaraoimoveis.com.br\/blog\/#\/schema\/person\/2534db74779d8a964faa9a0c48034be9","name":"Marketing Casar\u00e3o","image":{"@type":"ImageObject","inLanguage":"pt-BR","@id":"https:\/\/secure.gravatar.com\/avatar\/f4bdc26f96b00fca29787d7ccf30f163cdf3f5da541e317aced1fddb1a88aff6?s=96&d=mm&r=g","url":"https:\/\/secure.gravatar.com\/avatar\/f4bdc26f96b00fca29787d7ccf30f163cdf3f5da541e317aced1fddb1a88aff6?s=96&d=mm&r=g","contentUrl":"https:\/\/secure.gravatar.com\/avatar\/f4bdc26f96b00fca29787d7ccf30f163cdf3f5da541e317aced1fddb1a88aff6?s=96&d=mm&r=g","caption":"Marketing Casar\u00e3o"},"sameAs":["http:\/\/www.incomum.in"],"url":"https:\/\/casaraoimoveis.com.br\/blog\/author\/anabachiega\/"}]}},"_links":{"self":[{"href":"https:\/\/casaraoimoveis.com.br\/blog\/wp-json\/wp\/v2\/posts\/1965","targetHints":{"allow":["GET"]}}],"collection":[{"href":"https:\/\/casaraoimoveis.com.br\/blog\/wp-json\/wp\/v2\/posts"}],"about":[{"href":"https:\/\/casaraoimoveis.com.br\/blog\/wp-json\/wp\/v2\/types\/post"}],"author":[{"embeddable":true,"href":"https:\/\/casaraoimoveis.com.br\/blog\/wp-json\/wp\/v2\/users\/6"}],"replies":[{"embeddable":true,"href":"https:\/\/casaraoimoveis.com.br\/blog\/wp-json\/wp\/v2\/comments?post=1965"}],"version-history":[{"count":6,"href":"https:\/\/casaraoimoveis.com.br\/blog\/wp-json\/wp\/v2\/posts\/1965\/revisions"}],"predecessor-version":[{"id":5557,"href":"https:\/\/casaraoimoveis.com.br\/blog\/wp-json\/wp\/v2\/posts\/1965\/revisions\/5557"}],"wp:featuredmedia":[{"embeddable":true,"href":"https:\/\/casaraoimoveis.com.br\/blog\/wp-json\/wp\/v2\/media\/1966"}],"wp:attachment":[{"href":"https:\/\/casaraoimoveis.com.br\/blog\/wp-json\/wp\/v2\/media?parent=1965"}],"wp:term":[{"taxonomy":"category","embeddable":true,"href":"https:\/\/casaraoimoveis.com.br\/blog\/wp-json\/wp\/v2\/categories?post=1965"},{"taxonomy":"post_tag","embeddable":true,"href":"https:\/\/casaraoimoveis.com.br\/blog\/wp-json\/wp\/v2\/tags?post=1965"}],"curies":[{"name":"wp","href":"https:\/\/api.w.org\/{rel}","templated":true}]}}